{"id":18813,"date":"2025-03-10T01:47:00","date_gmt":"2025-03-10T01:47:00","guid":{"rendered":"https:\/\/primariachitila.ro\/new\/?p=1"},"modified":"2025-11-13T10:39:33","modified_gmt":"2025-11-13T10:39:33","slug":"au-inceput-lucrarile-pentru-realizarea-retelei-de-canalizare-pluviala-pe-strada-bradului","status":"publish","type":"post","link":"https:\/\/primariachitila.ro\/new\/2025\/03\/10\/au-inceput-lucrarile-pentru-realizarea-retelei-de-canalizare-pluviala-pe-strada-bradului\/","title":{"rendered":"Au \u00eenceput lucr\u0103rile pentru realizarea re\u021belei de canalizare pluvial\u0103 pe strada Bradului"},"content":{"rendered":"\n<p>Am demarat lucr\u0103rile pentru realizarea re\u021belei de canalizare pluvial\u0103 pe strada Bradului, un proiect esen\u021bial pentru \u00eembun\u0103t\u0103\u021birea infrastructurii \u0219i gestionarea eficient\u0103 a apelor pluviale \u00een zon\u0103.&nbsp;<\/p>\n\n\n\n<p>Prin acest proiect:<\/p>\n\n\n\n<p>&#8211; Se va construi o re\u021bea de canalizare gravita\u021bional\u0103 cu o lungime total\u0103 de 504,6 metri<\/p>\n\n\n\n<p>&#8211; Vor fi instalate 12 c\u0103mine de vizitare \u0219i 20 de guri de scurgere<\/p>\n\n\n\n<p>&#8211; Conductele utilizate sunt din PVC SN4, cu o durat\u0103 de via\u021b\u0103 de 50 de ani<\/p>\n\n\n\n<p>&#8211; Lucr\u0103rile vor fi realizate astfel \u00eenc\u00e2t s\u0103 afecteze c\u00e2t mai pu\u021bin circula\u021bia rutier\u0103<\/p>\n\n\n\n<p>\u00cen timpul execu\u021biei, circula\u021bia poate fi restric\u021bionat\u0103 temporar \u00een anumite zone.<\/p>\n\n\n\n<p>\u201cAcest proiect face parte din strategia noastr\u0103 de modernizare a infrastructurii urbane pentru un ora\u0219 mai sigur \u0219i mai bine preg\u0103tit pentru precipita\u021bii\u201d, sus\u021bine Emilian Oprea, primarul Ora\u0219ului Chitila.<\/p>\n","protected":false},"excerpt":{"rendered":"<p>Am demarat lucr\u0103rile pentru realizarea re\u021belei de canalizare pluvial\u0103 pe strada Bradului, un proiect esen\u021bial pentru \u00eembun\u0103t\u0103\u021birea infrastructurii \u0219i gestionarea eficient\u0103 a apelor pluviale \u00een zon\u0103.&nbsp; Prin acest proiect: &#8211; Se va construi o re\u021bea de canalizare gravita\u021bional\u0103 cu o lungime total\u0103 de 504,6 metri &#8211; Vor fi instalate 12 c\u0103mine de vizitare \u0219i 20 [&hellip;]<\/p>\n","protected":false},"author":6,"featured_media":19463,"comment_status":"open","ping_status":"closed","sticky":false,"template":"","format":"standard","meta":{"footnotes":""},"categories":[130],"tags":[],"class_list":["post-18813","post","type-post","status-publish","format-standard","has-post-thumbnail","hentry","category-stiri"],"_links":{"self":[{"href":"https:\/\/primariachitila.ro\/new\/wp-json\/wp\/v2\/posts\/18813","targetHints":{"allow":["GET"]}}],"collection":[{"href":"https:\/\/primariachitila.ro\/new\/wp-json\/wp\/v2\/posts"}],"about":[{"href":"https:\/\/primariachitila.ro\/new\/wp-json\/wp\/v2\/types\/post"}],"author":[{"embeddable":true,"href":"https:\/\/primariachitila.ro\/new\/wp-json\/wp\/v2\/users\/6"}],"replies":[{"embeddable":true,"href":"https:\/\/primariachitila.ro\/new\/wp-json\/wp\/v2\/comments?post=18813"}],"version-history":[{"count":2,"href":"https:\/\/primariachitila.ro\/new\/wp-json\/wp\/v2\/posts\/18813\/revisions"}],"predecessor-version":[{"id":27024,"href":"https:\/\/primariachitila.ro\/new\/wp-json\/wp\/v2\/posts\/18813\/revisions\/27024"}],"wp:featuredmedia":[{"embeddable":true,"href":"https:\/\/primariachitila.ro\/new\/wp-json\/wp\/v2\/media\/19463"}],"wp:attachment":[{"href":"https:\/\/primariachitila.ro\/new\/wp-json\/wp\/v2\/media?parent=18813"}],"wp:term":[{"taxonomy":"category","embeddable":true,"href":"https:\/\/primariachitila.ro\/new\/wp-json\/wp\/v2\/categories?post=18813"},{"taxonomy":"post_tag","embeddable":true,"href":"https:\/\/primariachitila.ro\/new\/wp-json\/wp\/v2\/tags?post=18813"}],"curies":[{"name":"wp","href":"https:\/\/api.w.org\/{rel}","templated":true}]}}