{"id":26734,"date":"2025-07-13T09:06:00","date_gmt":"2025-07-13T09:06:00","guid":{"rendered":"https:\/\/primariachitila.ro\/new\/?p=26734"},"modified":"2025-11-27T13:20:06","modified_gmt":"2025-11-27T13:20:06","slug":"primaria-orasului-chitila-a-participat-la-schimbul-de-experienta-promovarea-regenerarii-urbane-durabile-in-orasele-mici-cu-orasul-pardubice-cehia","status":"publish","type":"post","link":"https:\/\/primariachitila.ro\/new\/2025\/07\/13\/primaria-orasului-chitila-a-participat-la-schimbul-de-experienta-promovarea-regenerarii-urbane-durabile-in-orasele-mici-cu-orasul-pardubice-cehia\/","title":{"rendered":"Prim\u0103ria Ora\u0219ului Chitila a participat la schimbul de experien\u021b\u0103 \u201ePromovarea regener\u0103rii urbane durabile \u00een ora\u0219ele mici cu ora\u0219ul Pardubice (Cehia)\u201d"},"content":{"rendered":"\n<p>Cu sprijinul ADRBI, Prim\u0103ria Ora\u0219ului Chitila a participat la&nbsp;<strong>schimbul de experien\u021b\u0103&nbsp;<\/strong>\u201e<strong>Promovarea regener\u0103rii urbane durabile \u00een ora\u0219ele mici cu ora\u0219ul Pardubice (Cehia)<\/strong>\u201d, organizat \u00een cadrul programului&nbsp;<strong>City-to-City Exchanges<\/strong>&nbsp;al&nbsp;<strong>Ini\u021biativei Urbane Europene (EUI).<\/strong><\/p>\n\n\n\n<p>Acest sprijin a fost acordat \u00een vederea implement\u0103rii ac\u021biunilor de asisten\u021b\u0103 tehnic\u0103 pentru \u00eent\u0103rirea capacit\u0103\u021bii administrative a poten\u021bialilor beneficiari \u0219i beneficiarilor Programului Regional Bucure\u0219ti-Ilfov 2021\u20132027.<\/p>\n\n\n\n<p>Vizita de studiu s-a desf\u0103\u0219urat \u00een perioada 21\u201323 octombrie 2025 \u00een ora\u0219ul Pardubice, fiind g\u0103zduit\u0103 de Departamentul ITI Hradec Kr\u00e1lov\u00e9 \u2013 Pardubice din cadrul Prim\u0103riei Pardubice.<\/p>\n\n\n\n<p>Scopul principal al schimbului a fost \u00eenv\u0103\u021barea din bunele practici ale Pardubice \u00een domeniul regener\u0103rii urbane durabile, al integr\u0103rii spa\u021biilor verzi \u0219i al mobilit\u0103\u021bii urbane inteligente, pentru a fi adaptate \u0219i aplicate \u00een proiectele prioritare incluse \u00een Strategia Integrat\u0103 de Dezvoltare Urban\u0103 Chitila 2030.<\/p>\n\n\n\n<p>Pe parcursul vizitei, delega\u021bia din Chitila a analizat proiecte emblematice de regenerare urban\u0103, precum: Automatic Mills (reconversia unui sit industrial \u00eentr-un centru cultural \u0219i de inovare comunitar\u0103), Sphera (un spa\u021biu multifunc\u021bional dedicat educa\u021biei, particip\u0103rii civice \u0219i inov\u0103rii sociale) \u0219i sta\u021bia de tren Pardubice (un hub intermodal modernizat, cu solu\u021bii integrate pentru mobilitate urban\u0103, accesibilitate \u0219i sustenabilitate).<\/p>\n\n\n\n<p>\u00cen perioada urm\u0103toare, va fi organizat un eveniment online de follow-up, la care vor participa speciali\u0219ti din Prim\u0103ria Chitila \u0219i Prim\u0103ria Pardubice, pentru a trece \u00een revist\u0103 principalele lec\u021bii \u00eenv\u0103\u021bate, bunele practici identificate \u0219i impactul preconizat pe termen scurt, mediu \u0219i lung al schimbului.<\/p>\n\n\n\n<p>Evenimentul va fi deschis \u0219i altor autorit\u0103\u021bi locale din regiunea Bucure\u0219ti-Ilfov, pentru a facilita transferul de cuno\u0219tin\u021be \u0219i replicarea bunelor practici la nivel regional.<\/p>\n\n\n\n<figure class=\"wp-block-gallery has-nested-images columns-default is-cropped wp-block-gallery-1 is-layout-flex wp-block-gallery-is-layout-flex\">\n<figure class=\"wp-block-image size-large\"><img fetchpriority=\"high\" decoding=\"async\" width=\"650\" height=\"300\" data-id=\"26740\" src=\"https:\/\/primariachitila.ro\/new\/wp-content\/uploads\/2025\/11\/20251021_143418-1.jpg\" alt=\"\" class=\"wp-image-26740\" srcset=\"https:\/\/primariachitila.ro\/new\/wp-content\/uploads\/2025\/11\/20251021_143418-1.jpg 650w, https:\/\/primariachitila.ro\/new\/wp-content\/uploads\/2025\/11\/20251021_143418-1-300x138.jpg 300w, https:\/\/primariachitila.ro\/new\/wp-content\/uploads\/2025\/11\/20251021_143418-1-600x277.jpg 600w\" sizes=\"(max-width: 650px) 100vw, 650px\" \/><\/figure>\n\n\n\n<figure class=\"wp-block-image size-large\"><img decoding=\"async\" width=\"650\" height=\"300\" data-id=\"26739\" src=\"https:\/\/primariachitila.ro\/new\/wp-content\/uploads\/2025\/11\/20251021_134147-1.jpg\" alt=\"\" class=\"wp-image-26739\" srcset=\"https:\/\/primariachitila.ro\/new\/wp-content\/uploads\/2025\/11\/20251021_134147-1.jpg 650w, https:\/\/primariachitila.ro\/new\/wp-content\/uploads\/2025\/11\/20251021_134147-1-300x138.jpg 300w, https:\/\/primariachitila.ro\/new\/wp-content\/uploads\/2025\/11\/20251021_134147-1-600x277.jpg 600w\" sizes=\"(max-width: 650px) 100vw, 650px\" \/><\/figure>\n\n\n\n<figure class=\"wp-block-image size-large\"><img decoding=\"async\" width=\"1024\" height=\"920\" data-id=\"26741\" src=\"https:\/\/primariachitila.ro\/new\/wp-content\/uploads\/2025\/11\/20251022_111513_2-1-1024x920.jpg\" alt=\"\" class=\"wp-image-26741\" srcset=\"https:\/\/primariachitila.ro\/new\/wp-content\/uploads\/2025\/11\/20251022_111513_2-1-1024x920.jpg 1024w, https:\/\/primariachitila.ro\/new\/wp-content\/uploads\/2025\/11\/20251022_111513_2-1-300x270.jpg 300w, https:\/\/primariachitila.ro\/new\/wp-content\/uploads\/2025\/11\/20251022_111513_2-1-768x690.jpg 768w, https:\/\/primariachitila.ro\/new\/wp-content\/uploads\/2025\/11\/20251022_111513_2-1-1536x1380.jpg 1536w, https:\/\/primariachitila.ro\/new\/wp-content\/uploads\/2025\/11\/20251022_111513_2-1-600x539.jpg 600w, https:\/\/primariachitila.ro\/new\/wp-content\/uploads\/2025\/11\/20251022_111513_2-1.jpg 2037w\" sizes=\"(max-width: 1024px) 100vw, 1024px\" \/><\/figure>\n<\/figure>\n\n\n\n<p><\/p>\n","protected":false},"excerpt":{"rendered":"<p>Cu sprijinul ADRBI, Prim\u0103ria Ora\u0219ului Chitila a participat la&nbsp;schimbul de experien\u021b\u0103&nbsp;\u201ePromovarea regener\u0103rii urbane durabile \u00een ora\u0219ele mici cu ora\u0219ul Pardubice (Cehia)\u201d, organizat \u00een cadrul programului&nbsp;City-to-City Exchanges&nbsp;al&nbsp;Ini\u021biativei Urbane Europene (EUI). Acest sprijin a fost acordat \u00een vederea implement\u0103rii ac\u021biunilor de asisten\u021b\u0103 tehnic\u0103 pentru \u00eent\u0103rirea capacit\u0103\u021bii administrative a poten\u021bialilor beneficiari \u0219i beneficiarilor Programului Regional Bucure\u0219ti-Ilfov 2021\u20132027. Vizita [&hellip;]<\/p>\n","protected":false},"author":6,"featured_media":26735,"comment_status":"open","ping_status":"closed","sticky":false,"template":"","format":"standard","meta":{"footnotes":""},"categories":[130],"tags":[],"class_list":["post-26734","post","type-post","status-publish","format-standard","has-post-thumbnail","hentry","category-stiri"],"_links":{"self":[{"href":"https:\/\/primariachitila.ro\/new\/wp-json\/wp\/v2\/posts\/26734","targetHints":{"allow":["GET"]}}],"collection":[{"href":"https:\/\/primariachitila.ro\/new\/wp-json\/wp\/v2\/posts"}],"about":[{"href":"https:\/\/primariachitila.ro\/new\/wp-json\/wp\/v2\/types\/post"}],"author":[{"embeddable":true,"href":"https:\/\/primariachitila.ro\/new\/wp-json\/wp\/v2\/users\/6"}],"replies":[{"embeddable":true,"href":"https:\/\/primariachitila.ro\/new\/wp-json\/wp\/v2\/comments?post=26734"}],"version-history":[{"count":1,"href":"https:\/\/primariachitila.ro\/new\/wp-json\/wp\/v2\/posts\/26734\/revisions"}],"predecessor-version":[{"id":26742,"href":"https:\/\/primariachitila.ro\/new\/wp-json\/wp\/v2\/posts\/26734\/revisions\/26742"}],"wp:featuredmedia":[{"embeddable":true,"href":"https:\/\/primariachitila.ro\/new\/wp-json\/wp\/v2\/media\/26735"}],"wp:attachment":[{"href":"https:\/\/primariachitila.ro\/new\/wp-json\/wp\/v2\/media?parent=26734"}],"wp:term":[{"taxonomy":"category","embeddable":true,"href":"https:\/\/primariachitila.ro\/new\/wp-json\/wp\/v2\/categories?post=26734"},{"taxonomy":"post_tag","embeddable":true,"href":"https:\/\/primariachitila.ro\/new\/wp-json\/wp\/v2\/tags?post=26734"}],"curies":[{"name":"wp","href":"https:\/\/api.w.org\/{rel}","templated":true}]}}