{"id":26754,"date":"2025-09-08T09:11:04","date_gmt":"2025-09-08T09:11:04","guid":{"rendered":"https:\/\/primariachitila.ro\/new\/?p=26754"},"modified":"2025-11-27T13:20:06","modified_gmt":"2025-11-27T13:20:06","slug":"inceput-de-an-scolar-la-chitila","status":"publish","type":"post","link":"https:\/\/primariachitila.ro\/new\/2025\/09\/08\/inceput-de-an-scolar-la-chitila\/","title":{"rendered":"\u00cenceput de an \u0219colar la Chitila"},"content":{"rendered":"\n<p>\u201dEduca\u021bia este cea mai bun\u0103 investi\u021bie pe care o putem face pentru viitorul copiilor \u0219i a ora\u0219ului nostru\u201d, le-a transmis Emilian Oprea, primarul Ora\u0219ului Chitila elevilor, profesorilor \u0219i p\u0103rin\u021bilor prezen\u021bi la festivitatea de deschidere a noului an \u0219colar de la \u0218coala nr. 2.<\/p>\n\n\n\n<p>\u201dM-am implicat direct \u00een sus\u021binerea proiectelor destinate \u00eenv\u0103\u021b\u0103m\u00e2ntului. Mi-am dorit s\u0103 avem condi\u021bii c\u00e2t mai bune de \u00eenv\u0103\u021bare. Am realizat multe lucruri bune p\u00e2n\u0103 acum:<br>* am inaugurat cea mai modern\u0103 \u0219coal\u0103 din Bucure\u0219ti-Ilfov;<br>* am dat \u00een folosin\u021b\u0103 o gr\u0103dini\u021b\u0103 \u0219i o cre\u0219\u0103 nou\u0103, am reabilitat unit\u0103\u021bile de \u00eenv\u0103\u021b\u0103m\u00e2nt;<br>* acces\u0103m fonduri pentru reabilitarea \u0219colii \u201eProf. Ion Vi\u0219oiu\u201d;<br>* \u00een perioada urm\u0103toare \u00eencepem s\u0103 construim \u0218coala Verde \u00een cartier.<br>&nbsp;<br>Facem totul pentru binele, siguran\u021ba \u0219i confortul copiilor no\u0219tri dar suntem aten\u021bi \u0219i la condi\u021biile \u00een care lucreaz\u0103 profesorii.<br>Pentru mine, investi\u021biile \u00een educa\u021bie \u00eenseamn\u0103 o via\u021b\u0103 mai bun\u0103 pentru to\u021bi: \u0219coli moderne, medii sigure \u0219i tineri mai \u00eencrez\u0103tori\u201d,&nbsp;<br>a afirmat primarul \u00een cuv\u00e2ntul de deschidere.<\/p>\n","protected":false},"excerpt":{"rendered":"<p>\u201dEduca\u021bia este cea mai bun\u0103 investi\u021bie pe care o putem face pentru viitorul copiilor \u0219i a ora\u0219ului nostru\u201d, le-a transmis Emilian Oprea, primarul Ora\u0219ului Chitila elevilor, profesorilor \u0219i p\u0103rin\u021bilor prezen\u021bi la festivitatea de deschidere a noului an \u0219colar de la \u0218coala nr. 2. \u201dM-am implicat direct \u00een sus\u021binerea proiectelor destinate \u00eenv\u0103\u021b\u0103m\u00e2ntului. Mi-am dorit s\u0103 avem [&hellip;]<\/p>\n","protected":false},"author":6,"featured_media":26755,"comment_status":"open","ping_status":"closed","sticky":false,"template":"","format":"standard","meta":{"footnotes":""},"categories":[130],"tags":[],"class_list":["post-26754","post","type-post","status-publish","format-standard","has-post-thumbnail","hentry","category-stiri"],"_links":{"self":[{"href":"https:\/\/primariachitila.ro\/new\/wp-json\/wp\/v2\/posts\/26754","targetHints":{"allow":["GET"]}}],"collection":[{"href":"https:\/\/primariachitila.ro\/new\/wp-json\/wp\/v2\/posts"}],"about":[{"href":"https:\/\/primariachitila.ro\/new\/wp-json\/wp\/v2\/types\/post"}],"author":[{"embeddable":true,"href":"https:\/\/primariachitila.ro\/new\/wp-json\/wp\/v2\/users\/6"}],"replies":[{"embeddable":true,"href":"https:\/\/primariachitila.ro\/new\/wp-json\/wp\/v2\/comments?post=26754"}],"version-history":[{"count":1,"href":"https:\/\/primariachitila.ro\/new\/wp-json\/wp\/v2\/posts\/26754\/revisions"}],"predecessor-version":[{"id":26756,"href":"https:\/\/primariachitila.ro\/new\/wp-json\/wp\/v2\/posts\/26754\/revisions\/26756"}],"wp:featuredmedia":[{"embeddable":true,"href":"https:\/\/primariachitila.ro\/new\/wp-json\/wp\/v2\/media\/26755"}],"wp:attachment":[{"href":"https:\/\/primariachitila.ro\/new\/wp-json\/wp\/v2\/media?parent=26754"}],"wp:term":[{"taxonomy":"category","embeddable":true,"href":"https:\/\/primariachitila.ro\/new\/wp-json\/wp\/v2\/categories?post=26754"},{"taxonomy":"post_tag","embeddable":true,"href":"https:\/\/primariachitila.ro\/new\/wp-json\/wp\/v2\/tags?post=26754"}],"curies":[{"name":"wp","href":"https:\/\/api.w.org\/{rel}","templated":true}]}}