{"id":26761,"date":"2025-08-06T09:13:00","date_gmt":"2025-08-06T09:13:00","guid":{"rendered":"https:\/\/primariachitila.ro\/new\/?p=26761"},"modified":"2025-11-27T13:20:06","modified_gmt":"2025-11-27T13:20:06","slug":"dezvoltarea-durabila-inseamna-grija-pentru-resurse","status":"publish","type":"post","link":"https:\/\/primariachitila.ro\/new\/2025\/08\/06\/dezvoltarea-durabila-inseamna-grija-pentru-resurse\/","title":{"rendered":"Dezvoltarea durabil\u0103 \u00eenseamn\u0103 grij\u0103 pentru resurse"},"content":{"rendered":"\n<p>Satisfacerea nevoilor prezentului nu trebuie s\u0103 pun\u0103 \u00een pericol capacitatea genera\u021biilor viitoare de a avea o via\u021b\u0103 \u00een siguran\u021b\u0103 \u0219i confort.<\/p>\n\n\n\n<p>Prin proiectele pe care le ini\u021biaz\u0103 \u0219i implementeaz\u0103, Prim\u0103ria Ora\u0219ului Chitila urm\u0103re\u0219te s\u0103 asigure acest principiu.<\/p>\n\n\n\n<p>Construc\u021bia Parcului Fotovoltaic \u00een Chitila este una din investi\u021biile care asigur\u0103 dezvoltarea durabil\u0103 a comunit\u0103\u021bii.<\/p>\n\n\n\n<p>Vom genera energie electric\u0103 pentru autoconsumul UAT Ora\u0219 Chitila (cl\u0103diri publice \u2013 institu\u021bii, \u0219coli, gr\u0103dini\u021be, cre\u0219e, bazin de \u00eenot, sal\u0103 de sport, sisteme edilitare), contribuind astfel la reducerea dependen\u021bei de re\u021beaua na\u021bional\u0103 \u0219i la sc\u0103derea costurilor aferente consumului de electricitate.<\/p>\n\n\n\n<p>Valoarea total\u0103 a investi\u021biei este de 6.478.254,99 lei, TVA inclus.<\/p>\n\n\n\n<p>Valoarea maxim\u0103 asigurat\u0103 din Fondul pentru Modernizare este de 5.730.517,64 lei.<\/p>\n\n\n\n<p>Valoarea asigurat\u0103 de Ora\u0219 Chitila este de 747.737,35 lei.<\/p>\n\n\n\n<p>Parcul fotovoltaic va fi amplasat pe un teren cu o suprafa\u021b\u0103 de 9.088 mp, aflat \u00een proprietatea Prim\u0103riei Chitila, \u0219i va include un num\u0103r de 1526 de panouri fotovoltaice monocristaline.<\/p>\n","protected":false},"excerpt":{"rendered":"<p>Satisfacerea nevoilor prezentului nu trebuie s\u0103 pun\u0103 \u00een pericol capacitatea genera\u021biilor viitoare de a avea o via\u021b\u0103 \u00een siguran\u021b\u0103 \u0219i confort. Prin proiectele pe care le ini\u021biaz\u0103 \u0219i implementeaz\u0103, Prim\u0103ria Ora\u0219ului Chitila urm\u0103re\u0219te s\u0103 asigure acest principiu. Construc\u021bia Parcului Fotovoltaic \u00een Chitila este una din investi\u021biile care asigur\u0103 dezvoltarea durabil\u0103 a comunit\u0103\u021bii. Vom genera energie [&hellip;]<\/p>\n","protected":false},"author":6,"featured_media":26762,"comment_status":"open","ping_status":"closed","sticky":false,"template":"","format":"standard","meta":{"footnotes":""},"categories":[130],"tags":[],"class_list":["post-26761","post","type-post","status-publish","format-standard","has-post-thumbnail","hentry","category-stiri"],"_links":{"self":[{"href":"https:\/\/primariachitila.ro\/new\/wp-json\/wp\/v2\/posts\/26761","targetHints":{"allow":["GET"]}}],"collection":[{"href":"https:\/\/primariachitila.ro\/new\/wp-json\/wp\/v2\/posts"}],"about":[{"href":"https:\/\/primariachitila.ro\/new\/wp-json\/wp\/v2\/types\/post"}],"author":[{"embeddable":true,"href":"https:\/\/primariachitila.ro\/new\/wp-json\/wp\/v2\/users\/6"}],"replies":[{"embeddable":true,"href":"https:\/\/primariachitila.ro\/new\/wp-json\/wp\/v2\/comments?post=26761"}],"version-history":[{"count":1,"href":"https:\/\/primariachitila.ro\/new\/wp-json\/wp\/v2\/posts\/26761\/revisions"}],"predecessor-version":[{"id":26763,"href":"https:\/\/primariachitila.ro\/new\/wp-json\/wp\/v2\/posts\/26761\/revisions\/26763"}],"wp:featuredmedia":[{"embeddable":true,"href":"https:\/\/primariachitila.ro\/new\/wp-json\/wp\/v2\/media\/26762"}],"wp:attachment":[{"href":"https:\/\/primariachitila.ro\/new\/wp-json\/wp\/v2\/media?parent=26761"}],"wp:term":[{"taxonomy":"category","embeddable":true,"href":"https:\/\/primariachitila.ro\/new\/wp-json\/wp\/v2\/categories?post=26761"},{"taxonomy":"post_tag","embeddable":true,"href":"https:\/\/primariachitila.ro\/new\/wp-json\/wp\/v2\/tags?post=26761"}],"curies":[{"name":"wp","href":"https:\/\/api.w.org\/{rel}","templated":true}]}}