{"id":26768,"date":"2025-07-22T09:14:48","date_gmt":"2025-07-22T09:14:48","guid":{"rendered":"https:\/\/primariachitila.ro\/new\/?p=26768"},"modified":"2025-11-27T13:20:06","modified_gmt":"2025-11-27T13:20:06","slug":"anunt-privind-depunerea-cererilor-in-vederea-atribuirii-a-3-locuinte-sociale-disponibile","status":"publish","type":"post","link":"https:\/\/primariachitila.ro\/new\/2025\/07\/22\/anunt-privind-depunerea-cererilor-in-vederea-atribuirii-a-3-locuinte-sociale-disponibile\/","title":{"rendered":"Anun\u021b privind depunerea cererilor \u00een vederea atribuirii a 3 locuin\u021be sociale disponibile"},"content":{"rendered":"\n<p><strong>ANUN\u021a<\/strong><\/p>\n\n\n\n<p><strong>PRIVIND DEPUNEREA CERERILOR \u00ceN VEDEREA ATRIBUIRII A 3 LOCUIN\u021aE SOCIALE DISPONIBILE<\/strong><\/p>\n\n\n\n<p>&nbsp;&nbsp;&nbsp;&nbsp; Av\u00e2nd \u00een vedere:<\/p>\n\n\n\n<ul class=\"wp-block-list\">\n<li>art. 43 din Legea Locuin\u021bei nr. 114\/1996, republicat\u0103, cu modific\u0103rile \u0219i complet\u0103rile ulterioare;<\/li>\n\n\n\n<li>art. 21 \u0219i art. 30 din Normele metodologice pentru punerea \u00een aplicare a prevederilor Legii nr. 114\/1996, aprobate3 prin HG nr. 1275\/2000;<\/li>\n\n\n\n<li>art. 2 alin. (1) din OUG nr. 74\/2007 privind asigurarea fondului de locuin\u021be sociale destinate chiria\u0219ilor evacua\u021bi sau care urmeaz\u0103 s\u0103 fie evacua\u021bi din locuin\u021bele retrocedate fo\u0219tilor proprietari, cu modific\u0103rile \u0219i complet\u0103rile ulterioare;<\/li>\n<\/ul>\n\n\n\n<p>\u00cencep\u00e2nd cu data de&nbsp;<strong>01.08.2025 p\u00e2n\u0103 la data de 30.09.2025<\/strong>, solicitan\u021bii de locuin\u021be sociale care \u00eendeplinesc criteriile stabilite prin regulamentul aprobat prin HCL nr.61\/2020 sunt a\u0219tepta\u021bi s\u0103 depun\u0103 cererile \u00eenso\u021bite de documentele justificative \u00een vederea stabilirii listei de priorit\u0103\u021bi, \u00een luna&nbsp;<strong>noiembrie<\/strong>, de c\u0103tre comisia de repartizare locuin\u021be.<\/p>\n\n\n\n<p><strong>Condi\u0163ii de acordare \u015fi&nbsp;<\/strong><strong>acte necesare<\/strong><\/p>\n\n\n\n<p><strong>NU POT BENEFICIA DE LOCUIN<\/strong><strong>\u021a<\/strong><strong>\u0102 SOCIAL\u0102 CEI CARE<em>&nbsp;(Art. 48 din Legea Locuin<\/em><\/strong><strong><em>\u021b<\/em><\/strong><strong><em>ei nr. 114\/1996):<\/em><\/strong><\/p>\n\n\n\n<ul class=\"wp-block-list\">\n<li>au un venit mediu net lunar pe persoan\u0103 peste venitul mediu stabilit de Institutul Na\u0163ional de Statistic\u0103;<\/li>\n\n\n\n<li>de\u021bin \u00een proprietate o locuin\u021b\u0103;<\/li>\n\n\n\n<li>au \u00eenstr\u0103inat o locuin\u021b\u0103 dup\u0103 data de 1 ianuarie 1990;<\/li>\n\n\n\n<li>au beneficiat de sprijinul statului \u00een credite\u00a0\u0219i execu\u021bie pentru realizarea unei locuin\u021be;<\/li>\n\n\n\n<li>de\u021bin, \u00een calitate de chiria\u0219\u00a0o alt\u0103 locuin\u021b\u0103 din fond locativ de stat;<\/li>\n\n\n\n<li>domiciliaz\u0103 de mai pu\u021bin de 10 (zece) ani pe raza administrativ teritorial\u0103 a ora\u0219ului Chitila.<\/li>\n<\/ul>\n\n\n\n<p>Cererile vor fi depuse la Direc\u021bia de Asisten\u021b\u0103 Social\u0103 din str. Ion Olteanu nr. 6, ora\u0219 Chitila, jude\u021bul Ilfov<strong>, \u00eentre orele 09:00-14:00 \u00eempreun\u0103 cu urm\u0103toarele documente:<\/strong><\/p>\n\n\n\n<ul class=\"wp-block-list\">\n<li>cerere tip adresat\u0103 primarului ora\u015fului Chitila (pentru ca cererea s\u0103 fie analizat\u0103, este necesar ca aceasta s\u0103 se depun\u0103 individual \u015fi \u00een nume propriu \u015fi s\u0103 se prezinte \u00een original); &#8211; Anex\u0103 la prezentul anun\u021b;<\/li>\n\n\n\n<li><strong><em>copie xerox \u015fi original<\/em><\/strong>\u00a0\u2013 acte de identitate cu domiciliul stabil \u00een ora\u015ful Chitila (pentru to\u021bi membrii care vor figura cu dvs. \u00een dosarul de locuin\u021b\u0103 social\u0103);<\/li>\n\n\n\n<li><strong><em>copie xerox \u015fi original<\/em><\/strong>\u00a0\u2013 certificate de na\u0219tere ale copiilor minori (dac\u0103 este cazul);<\/li>\n\n\n\n<li>dovada studiilor absolvite de solicitant &#8211;\u00a0<strong><em>copie xerox\u00a0<\/em><\/strong><strong><em>\u015fi\u00a0<\/em><\/strong><strong><em>original<\/em><\/strong>;<\/li>\n\n\n\n<li>copie dup\u0103 hot\u0103r\u00e2rea de divor\u021b\u00a0r\u0103mas\u0103 definitiv\u0103 (dac\u0103 este cazul) &#8211;\u00a0<strong><em>copie xerox\u00a0<\/em><\/strong><strong><em>\u015fi\u00a0<\/em><\/strong><strong><em>original<\/em><\/strong>;<\/li>\n\n\n\n<li>dovada domiciliilor stabile avute p\u00e2n\u0103 la data depunerii cererii se va face pentru solicitant\/\u0103 \u015fi, dup\u0103 caz, familia acestuia\/acesteia (so\u0163ia\/so\u0163ul, copii majori), pe baza adeverin\u0163ei eliberat\u0103 de c\u0103tre Serviciul Public Local Comunitar de Eviden\u0163\u0103 a Persoanelor \u2013 Ora\u015f Chitila, la care solicitantul\/a este arondat cu domiciliul stabil \u2013\u00a0<strong><em>original<\/em><\/strong>;<\/li>\n\n\n\n<li>pentru domiciliile stabile avute \u00een alte localit\u0103\u0163i din \u0163ar\u0103 se vor prezenta adeverin\u0163e eliberate de prim\u0103riile pe raza c\u0103rora au domiciliat, din care s\u0103 reias\u0103 dac\u0103 au figurat sau figureaz\u0103 cu locuin\u0163\u0103 proprietate personal\u0103, dup\u0103 01.01.1990 \u2013\u00a0<strong><em>original<\/em><\/strong>;<\/li>\n\n\n\n<li>dovada calit\u0103\u0163ii \u00een care familia figureaz\u0103 cu domiciliul stabil, \u00een acest sens va prezenta dup\u0103 caz; &#8211; actul de proprietate sau contractual de \u00eenchiriere de la adresa unde familia figureaz\u0103 cu domiciliul stabil \u015fi gospod\u0103re\u015fte \u00een calitate de tolerat, se va prezenta \u015fi schi\u0163a locuin\u0163ei cu suprafa\u0163a locuibil\u0103 a acesteia \u2013\u00a0<strong><em>copie xerox\u00a0<\/em><\/strong><strong><em>\u015fi\u00a0<\/em><\/strong><strong><em>original<\/em><\/strong>; &#8211; contractul de \u00eenchiriere (\u00een care se va preciza num\u0103rul de camere \u00eenchiriate) \u015fi actul de proprietate de la adresa unde familia figureaz\u0103 cu domiciliul stabil \u015fi gospod\u0103re\u015fte \u00een calitate de chiria\u015f la proprietar \u2013\u00a0<strong><em>copie xerox\u00a0<\/em><\/strong><strong><em>\u015fi\u00a0<\/em><\/strong><strong><em>original<\/em><\/strong>;<\/li>\n\n\n\n<li><strong><em>copie xerox \u015fi original<\/em><\/strong>\u00a0\u2013 certificat de c\u0103s\u0103torie sau hot\u0103r\u00e2re judec\u0103toreasc\u0103 de divor\u0163 (dac\u0103 este cazul);<\/li>\n\n\n\n<li>adeverin\u0163e de la locurile de munc\u0103 cu veniturile nete (defalcate) realizate \u00een ultimele 12 luni pentru fiecare membru de familie salariat, persoanele salariate la societ\u0103\u0163i particulare vor prezenta pe l\u00e2ng\u0103 adeverin\u0163\u0103 \u015fi contractul de munc\u0103 &#8211;\u00a0<strong><em>copie xerox\u00a0<\/em><\/strong><strong><em>\u015fi\u00a0<\/em><\/strong><strong><em>original<\/em><\/strong>\u00a0sau copie eliberat\u0103 de angajator purt\u00e2nd viza ,,conform cu originalul\u201d data, semn\u0103tura \u015fi \u015ftampila angajatorului;<\/li>\n\n\n\n<li>\u015fomerii vor prezenta carnetul de luare \u00een eviden\u0163\u0103 la oficiul for\u0163ei de munc\u0103 \u015fi dovada veniturilor realizate de ace\u015ftia \u00een lunile respective &#8211;\u00a0<strong><em>copie xerox\u00a0<\/em><\/strong><strong><em>\u015fi\u00a0<\/em><\/strong><strong><em>original<\/em><\/strong>;<\/li>\n\n\n\n<li>cei care nu au loc de munc\u0103 \u015fi nu realizeaz\u0103 nici un venit, vor prezenta declara\u0163ie dat\u0103 la notarul public \u00een acest sens (pentru lunile \u00een care nu au lucrat \u00een ultimul an);<\/li>\n\n\n\n<li>pensionarii vor prezenta taloanele de pensie din ultimele 12 luni sau adeverin\u0163\u0103 eliberat\u0103 de oficiul de pensii, cu pensia primit\u0103 \u00een ultimele 12 luni, decizia de pensionare \u015fi dup\u0103 caz, decizia de pierderea capacit\u0103\u0163ii de munc\u0103 &#8211;\u00a0<strong><em>copie xerox\u00a0<\/em><\/strong><strong><em>\u015fi\u00a0<\/em><\/strong><strong><em>original<\/em><\/strong>;<\/li>\n\n\n\n<li>pentru copiii pre\u015fcolari se va prezenta talon\/extras bancar cu aloca\u0163ia de stat primit\u0103 \u00een luna anterioar\u0103 depunerii cererii &#8211;\u00a0<strong><em>copie xerox\u00a0<\/em><\/strong><strong><em>\u015fi\u00a0<\/em><\/strong><strong><em>original<\/em><\/strong>;<\/li>\n\n\n\n<li>dovada drepturilor acordate de prevederile Legii nr. 44\/1994 privind veteranii de r\u0103zboi, precum \u015fi unele drepturi ale invalizilor \u015fi v\u0103duvelor de r\u0103zboi ( dac\u0103 este cazul) &#8211;\u00a0<strong><em>copie xerox\u00a0<\/em><\/strong><strong><em>\u015fi\u00a0<\/em><\/strong><strong><em>original<\/em><\/strong>;<\/li>\n\n\n\n<li>dovada drepturilor acordate de prevederile Legii nr. 189\/2000 privind acordarea unor drepturi persoanelor persecutate din motive politice de dictatura instaurat\u0103 cu \u00eencepere de la 6 martie 1945, precum \u015fi celor deportate \u00een str\u0103in\u0103tate ori constituite \u00een prizonieri (dac\u0103 este cazul) &#8211;\u00a0<strong><em>copie xerox\u00a0<\/em><\/strong><strong><em>\u015fi\u00a0<\/em><\/strong><strong><em>original<\/em><\/strong>;<\/li>\n\n\n\n<li>certificat de atestare fiscal\u0103 de la Serviciul de Taxe \u015fi Impozite\u00a0 ora\u015f Chitila (so\u0163 \u015fi so\u0163ie);<\/li>\n\n\n\n<li>declara\u021bie notarial\u0103 autentificat\u0103, la data depunerii cererii, din care s\u0103 rezulte c\u0103, familia solicitantului\u00a0<strong><em>(Prin familie, conform Legii Locuin<\/em><\/strong><strong><em>\u021b<\/em><\/strong><strong><em>ei nr. 114\/1996, se \u00een\u0163elege, so\u0163ul, so\u0163ia, copii \u015fi p\u0103rin\u0163ii so\u0163ilor, care locuiesc \u015fi gospod\u0103resc \u00eempreun\u0103)\u00a0<\/em><\/strong>nu a de\u021binut\u00a0\u0219i nu a \u00eenstr\u0103inat nicio locuin\u021b\u0103 proprietate personal\u0103\/coproprietate dup\u0103 1 ianuarie 1990\u00a0\u0219i p\u00e2n\u0103 \u00een prezent pe teritoriul\u00a0\u021b\u0103rii, tot \u00een declara\u0163ie solicitantul va preciza c\u0103 se angajeaz\u0103 ca orice modificare survenit\u0103 \u00een situa\u0163ia locativ\u0103 a familiei sale, s\u0103 o aduc\u0103 la cuno\u015ftin\u0163\u0103 Prim\u0103riei, de asemenea, solicitantul va men\u0163iona \u015fi dac\u0103 membrii familiei sale (so\u0163ul, so\u0163ia, copiii majori) realizeaz\u0103 venituri pe cont propriu (din \u00eenchirieri bunuri mobile \u015fi imobile, activit\u0103\u0163i autorizate conform Legii sau din alte activit\u0103\u0163i produc\u0103toare de venituri impozabile) urm\u00e2nd s\u0103 prezinte \u00een acest sens acte care s\u0103 dovedeasc\u0103 veniturile respective;<\/li>\n\n\n\n<li>certificate medicale, pentru invalizi de gradul I sau II\u00a0 sau certificate de \u00eencadrare \u00een grad de handicap pentru persoane cu handicap (dup\u0103 caz) &#8211;\u00a0<strong><em>copie xerox\u00a0<\/em><\/strong><strong><em>\u015fi\u00a0<\/em><\/strong><strong><em>original<\/em><\/strong>;<\/li>\n\n\n\n<li>adeverin\u021b\u0103 pentru tinerii institu\u021bionaliza\u021bi &#8211;\u00a0<strong><em>original<\/em><\/strong>;<\/li>\n\n\n\n<li>\u00een cazul \u00een care solicitan\u0163ii sunt evacua\u0163i vor prezenta Sentin\u0163a Judec\u0103toreasc\u0103 de evacuare \u015fi procesul verbal de punere \u00een aplicare a sentin\u0163ei sau notificare \u00een vederea evacu\u0103rii emis\u0103 de executor judec\u0103toresc &#8211;\u00a0<strong><em>copie xerox\u00a0<\/em><\/strong><strong><em>\u015fi\u00a0<\/em><\/strong><strong><em>original<\/em><\/strong>;<\/li>\n\n\n\n<li>certificat de r\u0103nit, lupt\u0103tor sau urma\u015f al celui decedat \u00een revolu\u0163ia din Decembrie 1989 (dac\u0103 este cazul) &#8211;\u00a0<strong><em>copie xerox\u00a0<\/em><\/strong><strong><em>\u015fi\u00a0<\/em><\/strong><strong><em>original<\/em><\/strong>;<\/li>\n\n\n\n<li>alte documente necesare dup\u0103 caz.<\/li>\n<\/ul>\n\n\n\n<p><strong>NOT\u0102:&nbsp;<em>Cererile privind repartizarea<\/em><\/strong><strong><em>&nbsp;locuin\u0163elor sociale \u00een ba<\/em><\/strong><strong><em>z<\/em><\/strong><strong><em>a Legii Nr. 114\/1996 \u015fi a normelor metodologice de aplicarea acesteia, vor fi anali<\/em><\/strong><strong><em>z<\/em><\/strong><strong><em>ate de comisia constituit\u0103 prin Hot\u0103r\u00e2rea Consiliului Local al Ora\u015fului Chitila,&nbsp; aprobate de Consiliul Local Ora\u015f Chitila \u015fi Institu\u0163ia Prefectului.<\/em><\/strong><\/p>\n\n\n\n<p><strong><em>Prin Hot\u0103r\u00e2rea Consiliului Local al Ora\u015fului Chitila, se aprob\u0103 criteriile care se au \u00een vedere la calcularea punctajului ce revine fiec\u0103rui solicitant \u00eendrept\u0103\u0163it s\u0103 primeasc\u0103 o locuin\u0163\u0103 social\u0103.<\/em><\/strong><\/p>\n\n\n\n<p><strong><em>Vechimea cererii se ia \u00een calcul de la data la care solicitantul a pre<\/em><\/strong><strong><em>z<\/em><\/strong><strong><em>entat toate actele necesare, pentru ca aceasta s\u0103 fie anali<\/em><\/strong><strong><em>z<\/em><\/strong><strong><em>at\u0103 de comisie.<\/em><\/strong><\/p>\n\n\n\n<div data-wp-interactive=\"core\/file\" class=\"wp-block-file\"><object data-wp-bind--hidden=\"!state.hasPdfPreview\" hidden class=\"wp-block-file__embed\" data=\"https:\/\/primariachitila.ro\/new\/wp-content\/uploads\/2025\/11\/Anunt-privind-depunerea-cererilor-in-vederea-atribuirii-a-3-locuinte-sociale-disponibile.pdf\" type=\"application\/pdf\" style=\"width:100%;height:600px\" aria-label=\"\u00cenglobare pentru Anun\u021b privind depunerea cererilor \u00een vederea atribuirii a 3 locuin\u021be sociale disponibile.\"><\/object><a id=\"wp-block-file--media-44d0891e-d11d-4ad6-ad33-8c496c08f619\" href=\"https:\/\/primariachitila.ro\/new\/wp-content\/uploads\/2025\/11\/Anunt-privind-depunerea-cererilor-in-vederea-atribuirii-a-3-locuinte-sociale-disponibile.pdf\">Anun\u021b privind depunerea cererilor \u00een vederea atribuirii a 3 locuin\u021be sociale disponibile<\/a><a href=\"https:\/\/primariachitila.ro\/new\/wp-content\/uploads\/2025\/11\/Anunt-privind-depunerea-cererilor-in-vederea-atribuirii-a-3-locuinte-sociale-disponibile.pdf\" class=\"wp-block-file__button wp-element-button\" download aria-describedby=\"wp-block-file--media-44d0891e-d11d-4ad6-ad33-8c496c08f619\">Descarc\u0103<\/a><\/div>\n","protected":false},"excerpt":{"rendered":"<p>ANUN\u021a PRIVIND DEPUNEREA CERERILOR \u00ceN VEDEREA ATRIBUIRII A 3 LOCUIN\u021aE SOCIALE DISPONIBILE &nbsp;&nbsp;&nbsp;&nbsp; Av\u00e2nd \u00een vedere: \u00cencep\u00e2nd cu data de&nbsp;01.08.2025 p\u00e2n\u0103 la data de 30.09.2025, solicitan\u021bii de locuin\u021be sociale care \u00eendeplinesc criteriile stabilite prin regulamentul aprobat prin HCL nr.61\/2020 sunt a\u0219tepta\u021bi s\u0103 depun\u0103 cererile \u00eenso\u021bite de documentele justificative \u00een vederea stabilirii listei de priorit\u0103\u021bi, \u00een [&hellip;]<\/p>\n","protected":false},"author":6,"featured_media":26769,"comment_status":"open","ping_status":"closed","sticky":false,"template":"","format":"standard","meta":{"footnotes":""},"categories":[130],"tags":[],"class_list":["post-26768","post","type-post","status-publish","format-standard","has-post-thumbnail","hentry","category-stiri"],"_links":{"self":[{"href":"https:\/\/primariachitila.ro\/new\/wp-json\/wp\/v2\/posts\/26768","targetHints":{"allow":["GET"]}}],"collection":[{"href":"https:\/\/primariachitila.ro\/new\/wp-json\/wp\/v2\/posts"}],"about":[{"href":"https:\/\/primariachitila.ro\/new\/wp-json\/wp\/v2\/types\/post"}],"author":[{"embeddable":true,"href":"https:\/\/primariachitila.ro\/new\/wp-json\/wp\/v2\/users\/6"}],"replies":[{"embeddable":true,"href":"https:\/\/primariachitila.ro\/new\/wp-json\/wp\/v2\/comments?post=26768"}],"version-history":[{"count":1,"href":"https:\/\/primariachitila.ro\/new\/wp-json\/wp\/v2\/posts\/26768\/revisions"}],"predecessor-version":[{"id":26771,"href":"https:\/\/primariachitila.ro\/new\/wp-json\/wp\/v2\/posts\/26768\/revisions\/26771"}],"wp:featuredmedia":[{"embeddable":true,"href":"https:\/\/primariachitila.ro\/new\/wp-json\/wp\/v2\/media\/26769"}],"wp:attachment":[{"href":"https:\/\/primariachitila.ro\/new\/wp-json\/wp\/v2\/media?parent=26768"}],"wp:term":[{"taxonomy":"category","embeddable":true,"href":"https:\/\/primariachitila.ro\/new\/wp-json\/wp\/v2\/categories?post=26768"},{"taxonomy":"post_tag","embeddable":true,"href":"https:\/\/primariachitila.ro\/new\/wp-json\/wp\/v2\/tags?post=26768"}],"curies":[{"name":"wp","href":"https:\/\/api.w.org\/{rel}","templated":true}]}}