{"id":26776,"date":"2025-07-21T09:17:19","date_gmt":"2025-07-21T09:17:19","guid":{"rendered":"https:\/\/primariachitila.ro\/new\/?p=26776"},"modified":"2025-11-27T13:20:06","modified_gmt":"2025-11-27T13:20:06","slug":"informare-importanta-arderea-miristilor-si-a-vegetatiei-uscate-este-interzisa","status":"publish","type":"post","link":"https:\/\/primariachitila.ro\/new\/2025\/07\/21\/informare-importanta-arderea-miristilor-si-a-vegetatiei-uscate-este-interzisa\/","title":{"rendered":"Informare important\u0103 \u2013 Arderea miri\u0219tilor \u0219i a vegeta\u021biei uscate este interzis\u0103"},"content":{"rendered":"\n<p><strong>Prim\u0103ria Ora\u0219ului Chitila<\/strong>&nbsp;aduce la cuno\u0219tin\u021ba cet\u0103\u021benilor faptul c\u0103&nbsp;<strong>arderea miri\u0219tilor, a resturilor vegetale \u0219i a vegeta\u021biei uscate este strict interzis\u0103<\/strong>, conform legisla\u021biei \u00een vigoare privind protec\u021bia mediului \u0219i prevenirea incendiilor.<\/p>\n\n\n\n<p><strong>Interdic\u021bii \u0219i sanc\u021biuni aplicabile:<\/strong><\/p>\n\n\n\n<ul class=\"wp-block-list\">\n<li>Este\u00a0<strong>interzis\u0103 arderea miri\u0219tilor \u0219i a resturilor vegetale<\/strong>\u00a0pe terenurile agricole, inclusiv pe paji\u0219tile permanente;<\/li>\n\n\n\n<li>Arderea\u00a0<strong>stufului, tuf\u0103ri\u0219urilor \u0219i vegeta\u021biei ierboase<\/strong>\u00a0poate constitui\u00a0<strong>infrac\u021biune<\/strong>\u00a0\u0219i se poate pedepsi cu\u00a0<strong>amend\u0103 penal\u0103 sau \u00eenchisoare<\/strong>, \u00een func\u021bie de gravitate;<\/li>\n\n\n\n<li>Pentru\u00a0<strong>persoanele fizice<\/strong>, amenzile pot ajunge p\u00e2n\u0103 la\u00a0<strong>15.000 lei<\/strong>;<\/li>\n\n\n\n<li>Nerespectarea prevederilor poate duce \u0219i la retragerea sprijinului financiar pentru fermieri, dac\u0103 exist\u0103 subven\u021bii APIA.<\/li>\n<\/ul>\n\n\n\n<p><strong>Excep\u021bii permise doar \u00een condi\u021bii stricte:<\/strong><\/p>\n\n\n\n<p>Arderea controlat\u0103 este posibil\u0103&nbsp;<strong>numai cu aprob\u0103rile necesare<\/strong>&nbsp;\u0219i doar dac\u0103 se respect\u0103 urm\u0103toarele condi\u021bii:<\/p>\n\n\n\n<ul class=\"wp-block-list\">\n<li>absen\u021ba v\u00e2ntului;<\/li>\n\n\n\n<li>parcelarea \u0219i izolarea clar\u0103 a zonei de ardere;<\/li>\n\n\n\n<li>prezen\u021ba unor mijloace de stingere;<\/li>\n\n\n\n<li>supravegherea permanent\u0103 pe durata arderii;<\/li>\n\n\n\n<li>\u00een cazul terenurilor \u00een pant\u0103, arderea trebuie \u00eenceput\u0103 din partea de sus.<\/li>\n<\/ul>\n\n\n\n<p><strong>Acte normative de referin\u021b\u0103:<\/strong><\/p>\n\n\n\n<ul class=\"wp-block-list\">\n<li>Ordonan\u021ba de Urgen\u021b\u0103 nr. 195\/2005 privind protec\u021bia mediului;<\/li>\n\n\n\n<li>Legea nr. 263\/2010 privind sistemul unitar de pensii publice;<\/li>\n\n\n\n<li>Codul de procedur\u0103 penal\u0103;<\/li>\n\n\n\n<li>Dispozi\u021biile generale privind ap\u0103rarea \u00eempotriva incendiilor.<\/li>\n<\/ul>\n\n\n\n<p>V\u0103 recomand\u0103m consultarea legisla\u021biei complete pentru informa\u021bii detaliate \u0219i actualizate.&nbsp;<strong>Respectarea acestor m\u0103suri contribuie la protejarea mediului, a s\u0103n\u0103t\u0103\u021bii publice \u0219i la evitarea incendiilor de vegeta\u021bie.<\/strong><\/p>\n\n\n\n<p>Pentru informa\u021bii suplimentare, v\u0103 rug\u0103m s\u0103 contacta\u021bi&nbsp;<strong>Prim\u0103ria Ora\u0219ului Chitila<\/strong>&nbsp;la&nbsp;<a href=\"tel:+40214363709\">021.436.37.09<\/a>&nbsp;sau s\u0103 vizita\u021bi site-ul oficial:&nbsp;<strong><a href=\"http:\/\/www.primariachitila.ro\/\">www.primariachitila.ro<\/a><\/strong><\/p>\n\n\n\n<p>Cu responsabilitate pentru siguran\u021ba comunit\u0103\u021bii,<br><strong>Prim\u0103ria Ora\u0219ului Chitila<\/strong><\/p>\n","protected":false},"excerpt":{"rendered":"<p>Prim\u0103ria Ora\u0219ului Chitila&nbsp;aduce la cuno\u0219tin\u021ba cet\u0103\u021benilor faptul c\u0103&nbsp;arderea miri\u0219tilor, a resturilor vegetale \u0219i a vegeta\u021biei uscate este strict interzis\u0103, conform legisla\u021biei \u00een vigoare privind protec\u021bia mediului \u0219i prevenirea incendiilor. Interdic\u021bii \u0219i sanc\u021biuni aplicabile: Excep\u021bii permise doar \u00een condi\u021bii stricte: Arderea controlat\u0103 este posibil\u0103&nbsp;numai cu aprob\u0103rile necesare&nbsp;\u0219i doar dac\u0103 se respect\u0103 urm\u0103toarele condi\u021bii: Acte normative de [&hellip;]<\/p>\n","protected":false},"author":6,"featured_media":26774,"comment_status":"open","ping_status":"closed","sticky":false,"template":"","format":"standard","meta":{"footnotes":""},"categories":[130],"tags":[],"class_list":["post-26776","post","type-post","status-publish","format-standard","has-post-thumbnail","hentry","category-stiri"],"_links":{"self":[{"href":"https:\/\/primariachitila.ro\/new\/wp-json\/wp\/v2\/posts\/26776","targetHints":{"allow":["GET"]}}],"collection":[{"href":"https:\/\/primariachitila.ro\/new\/wp-json\/wp\/v2\/posts"}],"about":[{"href":"https:\/\/primariachitila.ro\/new\/wp-json\/wp\/v2\/types\/post"}],"author":[{"embeddable":true,"href":"https:\/\/primariachitila.ro\/new\/wp-json\/wp\/v2\/users\/6"}],"replies":[{"embeddable":true,"href":"https:\/\/primariachitila.ro\/new\/wp-json\/wp\/v2\/comments?post=26776"}],"version-history":[{"count":1,"href":"https:\/\/primariachitila.ro\/new\/wp-json\/wp\/v2\/posts\/26776\/revisions"}],"predecessor-version":[{"id":26777,"href":"https:\/\/primariachitila.ro\/new\/wp-json\/wp\/v2\/posts\/26776\/revisions\/26777"}],"wp:featuredmedia":[{"embeddable":true,"href":"https:\/\/primariachitila.ro\/new\/wp-json\/wp\/v2\/media\/26774"}],"wp:attachment":[{"href":"https:\/\/primariachitila.ro\/new\/wp-json\/wp\/v2\/media?parent=26776"}],"wp:term":[{"taxonomy":"category","embeddable":true,"href":"https:\/\/primariachitila.ro\/new\/wp-json\/wp\/v2\/categories?post=26776"},{"taxonomy":"post_tag","embeddable":true,"href":"https:\/\/primariachitila.ro\/new\/wp-json\/wp\/v2\/tags?post=26776"}],"curies":[{"name":"wp","href":"https:\/\/api.w.org\/{rel}","templated":true}]}}