{"id":26781,"date":"2025-06-26T09:18:57","date_gmt":"2025-06-26T09:18:57","guid":{"rendered":"https:\/\/primariachitila.ro\/new\/?p=26781"},"modified":"2025-11-27T13:20:06","modified_gmt":"2025-11-27T13:20:06","slug":"actionam-pentru-un-mediu-mai-curat-si-mai-sigur-pentru-toti","status":"publish","type":"post","link":"https:\/\/primariachitila.ro\/new\/2025\/06\/26\/actionam-pentru-un-mediu-mai-curat-si-mai-sigur-pentru-toti\/","title":{"rendered":"Ac\u021bion\u0103m pentru un mediu mai curat \u0219i mai sigur pentru to\u021bi"},"content":{"rendered":"\n<p>\u00cen aceast\u0103 perioad\u0103, Prim\u0103ria Ora\u0219ului Chitila Chitila \u0219i Apele Rom\u00e2ne \u2013 Filiala Ilfov desf\u0103\u0219oar\u0103 pe Lacul Chitila lucr\u0103ri de igienizare a luciului de ap\u0103, prin \u00eendep\u0103rtarea vegeta\u021biei acvatice excesive.<\/p>\n\n\n\n<p>Scopul acestor interven\u021bii este de a preveni procesul de putrezire a plantelor \u0219i, implicit, riscul de contaminare a apei, care ar putea afecta s\u0103n\u0103tatea vie\u021buitoarelor acvatice.<\/p>\n\n\n\n<p>&nbsp;Lucr\u0103rile sunt realizate cu grij\u0103, astfel \u00eenc\u00e2t s\u0103 protej\u0103m echilibrul natural \u0219i s\u0103 nu punem \u00een pericol fauna lacului.<\/p>\n","protected":false},"excerpt":{"rendered":"<p>\u00cen aceast\u0103 perioad\u0103, Prim\u0103ria Ora\u0219ului Chitila Chitila \u0219i Apele Rom\u00e2ne \u2013 Filiala Ilfov desf\u0103\u0219oar\u0103 pe Lacul Chitila lucr\u0103ri de igienizare a luciului de ap\u0103, prin \u00eendep\u0103rtarea vegeta\u021biei acvatice excesive. Scopul acestor interven\u021bii este de a preveni procesul de putrezire a plantelor \u0219i, implicit, riscul de contaminare a apei, care ar putea afecta s\u0103n\u0103tatea vie\u021buitoarelor acvatice. [&hellip;]<\/p>\n","protected":false},"author":6,"featured_media":26782,"comment_status":"open","ping_status":"closed","sticky":false,"template":"","format":"standard","meta":{"footnotes":""},"categories":[130],"tags":[],"class_list":["post-26781","post","type-post","status-publish","format-standard","has-post-thumbnail","hentry","category-stiri"],"_links":{"self":[{"href":"https:\/\/primariachitila.ro\/new\/wp-json\/wp\/v2\/posts\/26781","targetHints":{"allow":["GET"]}}],"collection":[{"href":"https:\/\/primariachitila.ro\/new\/wp-json\/wp\/v2\/posts"}],"about":[{"href":"https:\/\/primariachitila.ro\/new\/wp-json\/wp\/v2\/types\/post"}],"author":[{"embeddable":true,"href":"https:\/\/primariachitila.ro\/new\/wp-json\/wp\/v2\/users\/6"}],"replies":[{"embeddable":true,"href":"https:\/\/primariachitila.ro\/new\/wp-json\/wp\/v2\/comments?post=26781"}],"version-history":[{"count":1,"href":"https:\/\/primariachitila.ro\/new\/wp-json\/wp\/v2\/posts\/26781\/revisions"}],"predecessor-version":[{"id":26783,"href":"https:\/\/primariachitila.ro\/new\/wp-json\/wp\/v2\/posts\/26781\/revisions\/26783"}],"wp:featuredmedia":[{"embeddable":true,"href":"https:\/\/primariachitila.ro\/new\/wp-json\/wp\/v2\/media\/26782"}],"wp:attachment":[{"href":"https:\/\/primariachitila.ro\/new\/wp-json\/wp\/v2\/media?parent=26781"}],"wp:term":[{"taxonomy":"category","embeddable":true,"href":"https:\/\/primariachitila.ro\/new\/wp-json\/wp\/v2\/categories?post=26781"},{"taxonomy":"post_tag","embeddable":true,"href":"https:\/\/primariachitila.ro\/new\/wp-json\/wp\/v2\/tags?post=26781"}],"curies":[{"name":"wp","href":"https:\/\/api.w.org\/{rel}","templated":true}]}}