{"id":26784,"date":"2025-06-20T09:19:38","date_gmt":"2025-06-20T09:19:38","guid":{"rendered":"https:\/\/primariachitila.ro\/new\/?p=26784"},"modified":"2025-11-27T13:20:06","modified_gmt":"2025-11-27T13:20:06","slug":"continuam-reabilitarea-si-modernizarea-infrastructurii-rutiere-din-chitila","status":"publish","type":"post","link":"https:\/\/primariachitila.ro\/new\/2025\/06\/20\/continuam-reabilitarea-si-modernizarea-infrastructurii-rutiere-din-chitila\/","title":{"rendered":"Continu\u0103m reabilitarea \u0219i modernizarea infrastructurii rutiere din Chitila"},"content":{"rendered":"\n<p>V\u0103 inform\u0103m c\u0103 am \u00eenceput lucr\u0103ri de reabilitare \u0219i asfaltare pe mai multe str\u0103zi din Ora\u0219ul Chitila, \u00een cadrul proiectului de modernizare a infrastructurii rutiere.<\/p>\n\n\n\n<p>Str\u0103zile vizate sunt:<br>&#8211; Strada Lac de Nuferi<br>&#8211; \u2060Strada Bradului<br>&#8211; \u2060Strada Castanilor<br>&#8211; \u2060Strada Islaz<br>\u00cen perioada urm\u0103toare vom reabilita \u0219i str\u0103zile: Libert\u0103\u021bii, Troi\u021bei, Cartierului \u0219i Ana Ip\u0103tescu.<\/p>\n\n\n\n<p>Avem \u00een vedere ca lucr\u0103rile s\u0103 se finalizeze cel t\u00e2rziu \u00een toamna acestui an pentru a nu afecta traficul la momentul \u00eenceperii noului an \u0219colar.<\/p>\n\n\n\n<p>Pe durata lucr\u0103rilor, vor exista restric\u021bii temporare de circula\u021bie \u0219i acces \u00een anumite zone.<\/p>\n\n\n\n<p>Ne cerem scuze pentru disconfortul creat.<\/p>\n\n\n\n<p>V\u0103 asigur\u0103m c\u0103 depunem toate eforturile pentru ca aceste lucr\u0103ri s\u0103 se desf\u0103\u0219oare \u00eentr-un ritm sus\u021binut, cu un impact minim asupra confortului locuitorilor ora\u0219ului nostru.<\/p>\n","protected":false},"excerpt":{"rendered":"<p>V\u0103 inform\u0103m c\u0103 am \u00eenceput lucr\u0103ri de reabilitare \u0219i asfaltare pe mai multe str\u0103zi din Ora\u0219ul Chitila, \u00een cadrul proiectului de modernizare a infrastructurii rutiere. Str\u0103zile vizate sunt:&#8211; Strada Lac de Nuferi&#8211; \u2060Strada Bradului&#8211; \u2060Strada Castanilor&#8211; \u2060Strada Islaz\u00cen perioada urm\u0103toare vom reabilita \u0219i str\u0103zile: Libert\u0103\u021bii, Troi\u021bei, Cartierului \u0219i Ana Ip\u0103tescu. Avem \u00een vedere ca lucr\u0103rile [&hellip;]<\/p>\n","protected":false},"author":6,"featured_media":26785,"comment_status":"open","ping_status":"closed","sticky":false,"template":"","format":"standard","meta":{"footnotes":""},"categories":[130],"tags":[],"class_list":["post-26784","post","type-post","status-publish","format-standard","has-post-thumbnail","hentry","category-stiri"],"_links":{"self":[{"href":"https:\/\/primariachitila.ro\/new\/wp-json\/wp\/v2\/posts\/26784","targetHints":{"allow":["GET"]}}],"collection":[{"href":"https:\/\/primariachitila.ro\/new\/wp-json\/wp\/v2\/posts"}],"about":[{"href":"https:\/\/primariachitila.ro\/new\/wp-json\/wp\/v2\/types\/post"}],"author":[{"embeddable":true,"href":"https:\/\/primariachitila.ro\/new\/wp-json\/wp\/v2\/users\/6"}],"replies":[{"embeddable":true,"href":"https:\/\/primariachitila.ro\/new\/wp-json\/wp\/v2\/comments?post=26784"}],"version-history":[{"count":1,"href":"https:\/\/primariachitila.ro\/new\/wp-json\/wp\/v2\/posts\/26784\/revisions"}],"predecessor-version":[{"id":26786,"href":"https:\/\/primariachitila.ro\/new\/wp-json\/wp\/v2\/posts\/26784\/revisions\/26786"}],"wp:featuredmedia":[{"embeddable":true,"href":"https:\/\/primariachitila.ro\/new\/wp-json\/wp\/v2\/media\/26785"}],"wp:attachment":[{"href":"https:\/\/primariachitila.ro\/new\/wp-json\/wp\/v2\/media?parent=26784"}],"wp:term":[{"taxonomy":"category","embeddable":true,"href":"https:\/\/primariachitila.ro\/new\/wp-json\/wp\/v2\/categories?post=26784"},{"taxonomy":"post_tag","embeddable":true,"href":"https:\/\/primariachitila.ro\/new\/wp-json\/wp\/v2\/tags?post=26784"}],"curies":[{"name":"wp","href":"https:\/\/api.w.org\/{rel}","templated":true}]}}