{"id":26803,"date":"2025-05-11T09:24:33","date_gmt":"2025-05-11T09:24:33","guid":{"rendered":"https:\/\/primariachitila.ro\/new\/?p=26803"},"modified":"2025-11-13T10:39:47","modified_gmt":"2025-11-13T10:39:47","slug":"activitatea-medicilor-de-familie-se-va-desfasura-in-ambulatoriul-suub-din-chitila","status":"publish","type":"post","link":"https:\/\/primariachitila.ro\/new\/2025\/05\/11\/activitatea-medicilor-de-familie-se-va-desfasura-in-ambulatoriul-suub-din-chitila\/","title":{"rendered":"Activitatea medicilor de familie se va desf\u0103\u0219ura \u00een Ambulatoriul SUUB din Chitila"},"content":{"rendered":"\n<h4 class=\"wp-block-heading\"><strong>INFORMARE PUBLIC\u0102<\/strong><\/h4>\n\n\n\n<p>Av\u00e2nd \u00een vedere lucr\u0103rile de consolidare \u0219i modernizare a Dispensarului din Chitila, \u00eencep\u00e2nd cu 12 mai 2025, activitatea medicilor de familie se va desf\u0103\u0219ura \u00een Ambulatoriul SUUB din Chitila, \u0218oseaua Banatului nr 2.<\/p>\n\n\n\n<p>Dispensarul va fi reabilitat printr-un proiect al Prim\u0103riei Ora\u0219ului Chitila \u00een parteneriat cu &nbsp;Consiliul Jude\u021bean Ilfov.<\/p>\n\n\n\n<p>Valoarea proiectului este de 4 milioane de lei.<\/p>\n\n\n\n<p>Dispensarul actual este o cl\u0103dire realizat\u0103 \u00een stil arhitectural specific perioadei 1930-1940, av\u00e2nd elemente clasice at\u00e2t \u00een compozi\u021bia sa general\u0103, c\u00e2t \u0219i \u00een detaliile decorative.<\/p>\n\n\n\n<p>Din cauza vechimii, imobilul se afl\u0103 \u00eentr-o stare avansat\u0103 de degradare, ceea ce impune m\u0103suri structurale ample pentru consolidarea sa.<\/p>\n\n\n\n<p>Principalele interven\u021bii tehnice includ: realizarea unei subturn\u0103ri perimetrale la nivelul subsolului pentru consolidarea funda\u021biilor, c\u0103m\u0103\u0219uirea funda\u021biilor existente \u0219i a pere\u021bilor subsolului pe ambele fe\u021be, ancorarea arm\u0103turii pere\u021bilor \u00een structura funda\u021biilor, refacerea pardoselii din beton armat, desfacerea acoperi\u0219ului existent \u0219i montarea unei \u00eenvelitori noi din tabl\u0103 u\u0219oar\u0103, dar \u0219i \u00eenlocuirea complet\u0103 a t\u00e2mpl\u0103riei, termoizolarea fa\u021badelor, izolarea termic\u0103 a acoperi\u0219ului, refacerea ornamentelor interioare \u0219i exterioare \u0219i amenajarea podului ca spa\u021biu multifunc\u021bional.<\/p>\n\n\n\n<p><\/p>\n","protected":false},"excerpt":{"rendered":"<p>INFORMARE PUBLIC\u0102 Av\u00e2nd \u00een vedere lucr\u0103rile de consolidare \u0219i modernizare a Dispensarului din Chitila, \u00eencep\u00e2nd cu 12 mai 2025, activitatea medicilor de familie se va desf\u0103\u0219ura \u00een Ambulatoriul SUUB din Chitila, \u0218oseaua Banatului nr 2. Dispensarul va fi reabilitat printr-un proiect al Prim\u0103riei Ora\u0219ului Chitila \u00een parteneriat cu &nbsp;Consiliul Jude\u021bean Ilfov. Valoarea proiectului este de [&hellip;]<\/p>\n","protected":false},"author":6,"featured_media":26804,"comment_status":"open","ping_status":"closed","sticky":false,"template":"","format":"standard","meta":{"footnotes":""},"categories":[130],"tags":[],"class_list":["post-26803","post","type-post","status-publish","format-standard","has-post-thumbnail","hentry","category-stiri"],"_links":{"self":[{"href":"https:\/\/primariachitila.ro\/new\/wp-json\/wp\/v2\/posts\/26803","targetHints":{"allow":["GET"]}}],"collection":[{"href":"https:\/\/primariachitila.ro\/new\/wp-json\/wp\/v2\/posts"}],"about":[{"href":"https:\/\/primariachitila.ro\/new\/wp-json\/wp\/v2\/types\/post"}],"author":[{"embeddable":true,"href":"https:\/\/primariachitila.ro\/new\/wp-json\/wp\/v2\/users\/6"}],"replies":[{"embeddable":true,"href":"https:\/\/primariachitila.ro\/new\/wp-json\/wp\/v2\/comments?post=26803"}],"version-history":[{"count":1,"href":"https:\/\/primariachitila.ro\/new\/wp-json\/wp\/v2\/posts\/26803\/revisions"}],"predecessor-version":[{"id":26805,"href":"https:\/\/primariachitila.ro\/new\/wp-json\/wp\/v2\/posts\/26803\/revisions\/26805"}],"wp:featuredmedia":[{"embeddable":true,"href":"https:\/\/primariachitila.ro\/new\/wp-json\/wp\/v2\/media\/26804"}],"wp:attachment":[{"href":"https:\/\/primariachitila.ro\/new\/wp-json\/wp\/v2\/media?parent=26803"}],"wp:term":[{"taxonomy":"category","embeddable":true,"href":"https:\/\/primariachitila.ro\/new\/wp-json\/wp\/v2\/categories?post=26803"},{"taxonomy":"post_tag","embeddable":true,"href":"https:\/\/primariachitila.ro\/new\/wp-json\/wp\/v2\/tags?post=26803"}],"curies":[{"name":"wp","href":"https:\/\/api.w.org\/{rel}","templated":true}]}}