{"id":26837,"date":"2025-02-18T09:45:00","date_gmt":"2025-02-18T09:45:00","guid":{"rendered":"https:\/\/primariachitila.ro\/new\/?p=26837"},"modified":"2025-11-13T10:40:02","modified_gmt":"2025-11-13T10:40:02","slug":"adopta-un-catel-10","status":"publish","type":"post","link":"https:\/\/primariachitila.ro\/new\/2025\/02\/18\/adopta-un-catel-10\/","title":{"rendered":"ADOPT\u0102 UN C\u0102\u021aEL!"},"content":{"rendered":"\n<p>ADOPT\u0102<\/p>\n\n\n\n<p>Salveaz\u0103 o via\u021b\u0103, adopt\u00e2nd un suflet!<\/p>\n\n\n\n<p>C\u00e2\u0219tig\u0103 un prieten pe via\u021b\u0103!<\/p>\n\n\n\n<p>Campanie ini\u021biat\u0103 de Prim\u0103ria Ora\u0219ului Chitila<\/p>\n\n\n\n<p>C\u00e2ini captura\u021bi \u00een data de 13.02.2025<\/p>\n\n\n\n<p>Mascul&nbsp;5 ani, culoare negru, talie mare, stare general\u0103 moderat\u0103, examen clinic s\u0103n\u0103tos, num\u0103r de identificare 1112;<\/p>\n\n\n\n<p>Mascul&nbsp;4 ani, culoare galben, alb pr\u0103fuit, talie mare, stare general\u0103 moderat\u0103, examen clinic s\u0103n\u0103tos, num\u0103r de identificare 1113;<\/p>\n\n\n\n<p>Mascul&nbsp;4 ani, culoare maro cu galben cu alb\u0103 pe piept, talie mare, stare general\u0103 moderat\u0103, examen clinic s\u0103n\u0103tos, num\u0103r de identificare 1114;<\/p>\n\n\n\n<p>Mascul&nbsp;9 ani, culoare &nbsp;negru cu l\u0103bu\u021be albe, talie mijlocie, stare general\u0103 moderat\u0103, examen clinic s\u0103n\u0103tos, num\u0103r de identificare 1115;<\/p>\n\n\n\n<p>Mascul&nbsp;6&nbsp;ani, culoare galben, talie mare, stare general\u0103 moderat\u0103, examen clinic s\u0103n\u0103tos,&nbsp;num\u0103r de identificare 1116;<\/p>\n\n\n\n<p>Mascul&nbsp;4&nbsp;ani, culoare alb, talie mijlocie, stare general\u0103 moderat\u0103, examen clinic s\u0103n\u0103tos,&nbsp;num\u0103r de identificare 1117;<\/p>\n\n\n\n<p>Femel\u0103&nbsp;4&nbsp;ani, culoare negru cu galben, talie mijlocie, stare general\u0103 moderat\u0103, examen clinic s\u0103n\u0103tos,&nbsp;num\u0103r de identificare 1119;<\/p>\n\n\n\n<p>Femel\u0103&nbsp;6&nbsp;ani, culoare negru, talie mijlocie, stare general\u0103 moderat\u0103, examen clinic s\u0103n\u0103tos,&nbsp;num\u0103r de identificare 1120;<\/p>\n\n\n\n<p>Femel\u0103&nbsp;4&nbsp;ani, culoare negru cu &nbsp;galben, talie mare, stare general\u0103 moderat\u0103, examen clinic s\u0103n\u0103tos,&nbsp;num\u0103r de identificare 1121<\/p>\n\n\n\n<p>Femel\u0103&nbsp;5&nbsp;ani, culoare galben, alb pe piept,talie mare, stare general\u0103 moderat\u0103, examen clinic s\u0103n\u0103tos,&nbsp;num\u0103r de identificare 1122;<\/p>\n\n\n\n<p>Mascul 2 luni, culoare negru, talie mic\u0103, stare general\u0103 moderat\u0103, examen clinic s\u0103n\u0103tos,&nbsp;num\u0103r de identificare 1123;<\/p>\n\n\n\n<p>Mascul&nbsp;2 luni, culoare negru, talie mic\u0103, stare general\u0103 moderat\u0103, examen clinic s\u0103n\u0103tos,&nbsp;num\u0103r de identificare 1124;<\/p>\n\n\n\n<p>Mascul&nbsp;2 luni, culoare negru, talie mic\u0103, stare general\u0103 moderat\u0103, examen clinic s\u0103n\u0103tos,&nbsp;num\u0103r de identificare 1125;<\/p>\n\n\n\n<p>Mascul&nbsp;2 luni, culoare negru, talie mic\u0103, stare general\u0103 moderat\u0103, examen clinic s\u0103n\u0103tos,&nbsp;num\u0103r de identificare 1126;<\/p>\n\n\n\n<p>Mascul&nbsp;2 luni, culoare negru, talie mic\u0103, stare general\u0103 moderat\u0103, examen clinic s\u0103n\u0103tos,&nbsp;num\u0103r de identificare 1127;<\/p>\n\n\n\n<p>Mascul&nbsp;2 luni, culoare galben, talie mic\u0103, stare general\u0103 moderat\u0103, examen clinic s\u0103n\u0103tos,&nbsp;num\u0103r de identificare 1128;<\/p>\n\n\n\n<p>Femel\u0103&nbsp;2 luni, culoare negru, talie mic\u0103, stare general\u0103 moderat\u0103, examen clinic s\u0103n\u0103tos,&nbsp;num\u0103r de identificare 1129;<\/p>\n\n\n\n<p>Femel\u0103 3&nbsp;ani, culoare floriu (negru cu galben), talie mijlocie, stare general\u0103 moderat\u0103, examen clinic s\u0103n\u0103tos,&nbsp;num\u0103r de identificare 1130;<\/p>\n\n\n\n<p>Femel\u0103 5&nbsp;ani, culoare alb, talie mijlocie, stare general\u0103 moderat\u0103, examen clinic s\u0103n\u0103tos,&nbsp;num\u0103r de identificare 1131;<\/p>\n\n\n\n<p>Femel\u0103&nbsp;5&nbsp;ani, culoare alb, talie mare, stare general\u0103 moderat\u0103, examen clinic s\u0103n\u0103tos,&nbsp;num\u0103r de identificare 1132;<\/p>\n\n\n\n<p><\/p>\n","protected":false},"excerpt":{"rendered":"<p>ADOPT\u0102 Salveaz\u0103 o via\u021b\u0103, adopt\u00e2nd un suflet! C\u00e2\u0219tig\u0103 un prieten pe via\u021b\u0103! Campanie ini\u021biat\u0103 de Prim\u0103ria Ora\u0219ului Chitila C\u00e2ini captura\u021bi \u00een data de 13.02.2025 Mascul&nbsp;5 ani, culoare negru, talie mare, stare general\u0103 moderat\u0103, examen clinic s\u0103n\u0103tos, num\u0103r de identificare 1112; Mascul&nbsp;4 ani, culoare galben, alb pr\u0103fuit, talie mare, stare general\u0103 moderat\u0103, examen clinic s\u0103n\u0103tos, num\u0103r [&hellip;]<\/p>\n","protected":false},"author":6,"featured_media":26732,"comment_status":"open","ping_status":"closed","sticky":false,"template":"","format":"standard","meta":{"footnotes":""},"categories":[130],"tags":[],"class_list":["post-26837","post","type-post","status-publish","format-standard","has-post-thumbnail","hentry","category-stiri"],"_links":{"self":[{"href":"https:\/\/primariachitila.ro\/new\/wp-json\/wp\/v2\/posts\/26837","targetHints":{"allow":["GET"]}}],"collection":[{"href":"https:\/\/primariachitila.ro\/new\/wp-json\/wp\/v2\/posts"}],"about":[{"href":"https:\/\/primariachitila.ro\/new\/wp-json\/wp\/v2\/types\/post"}],"author":[{"embeddable":true,"href":"https:\/\/primariachitila.ro\/new\/wp-json\/wp\/v2\/users\/6"}],"replies":[{"embeddable":true,"href":"https:\/\/primariachitila.ro\/new\/wp-json\/wp\/v2\/comments?post=26837"}],"version-history":[{"count":1,"href":"https:\/\/primariachitila.ro\/new\/wp-json\/wp\/v2\/posts\/26837\/revisions"}],"predecessor-version":[{"id":26838,"href":"https:\/\/primariachitila.ro\/new\/wp-json\/wp\/v2\/posts\/26837\/revisions\/26838"}],"wp:featuredmedia":[{"embeddable":true,"href":"https:\/\/primariachitila.ro\/new\/wp-json\/wp\/v2\/media\/26732"}],"wp:attachment":[{"href":"https:\/\/primariachitila.ro\/new\/wp-json\/wp\/v2\/media?parent=26837"}],"wp:term":[{"taxonomy":"category","embeddable":true,"href":"https:\/\/primariachitila.ro\/new\/wp-json\/wp\/v2\/categories?post=26837"},{"taxonomy":"post_tag","embeddable":true,"href":"https:\/\/primariachitila.ro\/new\/wp-json\/wp\/v2\/tags?post=26837"}],"curies":[{"name":"wp","href":"https:\/\/api.w.org\/{rel}","templated":true}]}}