{"id":26844,"date":"2025-01-20T09:47:00","date_gmt":"2025-01-20T09:47:00","guid":{"rendered":"https:\/\/primariachitila.ro\/new\/?p=26844"},"modified":"2025-11-13T10:40:02","modified_gmt":"2025-11-13T10:40:02","slug":"anunt-inchidere-patinoar","status":"publish","type":"post","link":"https:\/\/primariachitila.ro\/new\/2025\/01\/20\/anunt-inchidere-patinoar\/","title":{"rendered":"Anunt inchidere patinoar"},"content":{"rendered":"\n<p>Ieri, 19.01.2025,\u00a0a fost ultima zi \u00een care iubitorii de patinaj au alunecat pe ghea\u021ba Patinoarului din Valea Mangului.<br>Patinoarul din Chitila s-a \u00eenchis pentru acest sezon.<br>Ne revedem cu aceea\u0219i pl\u0103cere \u0219i cu entuziasm, la sf\u00e2r\u0219it de an, cu ocazia S\u0103rb\u0103torilor de iarn\u0103.<\/p>\n","protected":false},"excerpt":{"rendered":"<p>Ieri, 19.01.2025,\u00a0a fost ultima zi \u00een care iubitorii de patinaj au alunecat pe ghea\u021ba Patinoarului din Valea Mangului.Patinoarul din Chitila s-a \u00eenchis pentru acest sezon.Ne revedem cu aceea\u0219i pl\u0103cere \u0219i cu entuziasm, la sf\u00e2r\u0219it de an, cu ocazia S\u0103rb\u0103torilor de iarn\u0103.<\/p>\n","protected":false},"author":6,"featured_media":26845,"comment_status":"open","ping_status":"closed","sticky":false,"template":"","format":"standard","meta":{"footnotes":""},"categories":[130],"tags":[],"class_list":["post-26844","post","type-post","status-publish","format-standard","has-post-thumbnail","hentry","category-stiri"],"_links":{"self":[{"href":"https:\/\/primariachitila.ro\/new\/wp-json\/wp\/v2\/posts\/26844","targetHints":{"allow":["GET"]}}],"collection":[{"href":"https:\/\/primariachitila.ro\/new\/wp-json\/wp\/v2\/posts"}],"about":[{"href":"https:\/\/primariachitila.ro\/new\/wp-json\/wp\/v2\/types\/post"}],"author":[{"embeddable":true,"href":"https:\/\/primariachitila.ro\/new\/wp-json\/wp\/v2\/users\/6"}],"replies":[{"embeddable":true,"href":"https:\/\/primariachitila.ro\/new\/wp-json\/wp\/v2\/comments?post=26844"}],"version-history":[{"count":1,"href":"https:\/\/primariachitila.ro\/new\/wp-json\/wp\/v2\/posts\/26844\/revisions"}],"predecessor-version":[{"id":26846,"href":"https:\/\/primariachitila.ro\/new\/wp-json\/wp\/v2\/posts\/26844\/revisions\/26846"}],"wp:featuredmedia":[{"embeddable":true,"href":"https:\/\/primariachitila.ro\/new\/wp-json\/wp\/v2\/media\/26845"}],"wp:attachment":[{"href":"https:\/\/primariachitila.ro\/new\/wp-json\/wp\/v2\/media?parent=26844"}],"wp:term":[{"taxonomy":"category","embeddable":true,"href":"https:\/\/primariachitila.ro\/new\/wp-json\/wp\/v2\/categories?post=26844"},{"taxonomy":"post_tag","embeddable":true,"href":"https:\/\/primariachitila.ro\/new\/wp-json\/wp\/v2\/tags?post=26844"}],"curies":[{"name":"wp","href":"https:\/\/api.w.org\/{rel}","templated":true}]}}