{"id":26862,"date":"2024-10-18T09:51:00","date_gmt":"2024-10-18T09:51:00","guid":{"rendered":"https:\/\/primariachitila.ro\/new\/?p=26862"},"modified":"2025-11-18T07:14:04","modified_gmt":"2025-11-18T07:14:04","slug":"adopta-un-catel-13","status":"publish","type":"post","link":"https:\/\/primariachitila.ro\/new\/2024\/10\/18\/adopta-un-catel-13\/","title":{"rendered":"ADOPT\u0102 UN C\u0102\u021aEL!"},"content":{"rendered":"\n<p>ADOPT\u0102<\/p>\n\n\n\n<p>Salveaz\u0103 o via\u021b\u0103, adopt\u00e2nd un suflet!<\/p>\n\n\n\n<p>C\u00e2\u0219tig\u0103 un prieten pe via\u021b\u0103!<\/p>\n\n\n\n<p>Campanie ini\u021biat\u0103 de Prim\u0103ria Ora\u0219ului Chitila<\/p>\n\n\n\n<p>C\u00e2ini captura\u021bi \u00een data de 10.10.2024<\/p>\n\n\n\n<p>Femel\u0103&nbsp;4 ani, culoare alb cu &nbsp;negru cu fa\u021b\u0103 neagr\u0103, talie mare, stare general\u0103 moderat\u0103, examen clinic s\u0103n\u0103tos, num\u0103r de identificare 1030;<\/p>\n\n\n\n<p>Mascul&nbsp;5 ani, culoare negru, burt\u0103 alb\u0103, degete albe, picioare albe, talie mare, stare general\u0103 moderat\u0103, examen clinic s\u0103n\u0103tos, num\u0103r de identificare 1031;<\/p>\n\n\n\n<p>Mascul&nbsp;4 ani, culoare negru cu pat\u0103 alb\u0103 pe piept, talie mic\u0103, stare general\u0103 moderat\u0103, examen clinic s\u0103n\u0103tos, num\u0103r de identificare 1032;<\/p>\n\n\n\n<p>Mascul&nbsp;5 ani, culoare &nbsp;negru, talie mijlocie, stare general\u0103 moderat\u0103, examen clinic s\u0103n\u0103tos, num\u0103r de identificare 1033;<\/p>\n\n\n\n<p>Mascul&nbsp;6&nbsp;ani, culoare galben maro, talie mare, stare general\u0103 moderat\u0103, examen clinic s\u0103n\u0103tos,&nbsp;num\u0103r de identificare 1034;<\/p>\n","protected":false},"excerpt":{"rendered":"<p>ADOPT\u0102 Salveaz\u0103 o via\u021b\u0103, adopt\u00e2nd un suflet! C\u00e2\u0219tig\u0103 un prieten pe via\u021b\u0103! Campanie ini\u021biat\u0103 de Prim\u0103ria Ora\u0219ului Chitila C\u00e2ini captura\u021bi \u00een data de 10.10.2024 Femel\u0103&nbsp;4 ani, culoare alb cu &nbsp;negru cu fa\u021b\u0103 neagr\u0103, talie mare, stare general\u0103 moderat\u0103, examen clinic s\u0103n\u0103tos, num\u0103r de identificare 1030; Mascul&nbsp;5 ani, culoare negru, burt\u0103 alb\u0103, degete albe, picioare albe, [&hellip;]<\/p>\n","protected":false},"author":6,"featured_media":26732,"comment_status":"open","ping_status":"closed","sticky":false,"template":"","format":"standard","meta":{"footnotes":""},"categories":[130],"tags":[],"class_list":["post-26862","post","type-post","status-publish","format-standard","has-post-thumbnail","hentry","category-stiri"],"_links":{"self":[{"href":"https:\/\/primariachitila.ro\/new\/wp-json\/wp\/v2\/posts\/26862","targetHints":{"allow":["GET"]}}],"collection":[{"href":"https:\/\/primariachitila.ro\/new\/wp-json\/wp\/v2\/posts"}],"about":[{"href":"https:\/\/primariachitila.ro\/new\/wp-json\/wp\/v2\/types\/post"}],"author":[{"embeddable":true,"href":"https:\/\/primariachitila.ro\/new\/wp-json\/wp\/v2\/users\/6"}],"replies":[{"embeddable":true,"href":"https:\/\/primariachitila.ro\/new\/wp-json\/wp\/v2\/comments?post=26862"}],"version-history":[{"count":1,"href":"https:\/\/primariachitila.ro\/new\/wp-json\/wp\/v2\/posts\/26862\/revisions"}],"predecessor-version":[{"id":26863,"href":"https:\/\/primariachitila.ro\/new\/wp-json\/wp\/v2\/posts\/26862\/revisions\/26863"}],"wp:featuredmedia":[{"embeddable":true,"href":"https:\/\/primariachitila.ro\/new\/wp-json\/wp\/v2\/media\/26732"}],"wp:attachment":[{"href":"https:\/\/primariachitila.ro\/new\/wp-json\/wp\/v2\/media?parent=26862"}],"wp:term":[{"taxonomy":"category","embeddable":true,"href":"https:\/\/primariachitila.ro\/new\/wp-json\/wp\/v2\/categories?post=26862"},{"taxonomy":"post_tag","embeddable":true,"href":"https:\/\/primariachitila.ro\/new\/wp-json\/wp\/v2\/tags?post=26862"}],"curies":[{"name":"wp","href":"https:\/\/api.w.org\/{rel}","templated":true}]}}