{"id":26869,"date":"2024-10-07T09:53:00","date_gmt":"2024-10-07T09:53:00","guid":{"rendered":"https:\/\/primariachitila.ro\/new\/?p=26869"},"modified":"2025-11-18T07:14:04","modified_gmt":"2025-11-18T07:14:04","slug":"adopta-un-catel-14","status":"publish","type":"post","link":"https:\/\/primariachitila.ro\/new\/2024\/10\/07\/adopta-un-catel-14\/","title":{"rendered":"ADOPT\u0102 UN C\u0102\u021aEL!"},"content":{"rendered":"\n<p>ADOPT\u0102<\/p>\n\n\n\n<p>Salveaz\u0103 o via\u021b\u0103, adopt\u00e2nd un suflet!<\/p>\n\n\n\n<p>C\u00e2\u0219tig\u0103 un prieten pe via\u021b\u0103!<\/p>\n\n\n\n<p>Campanie ini\u021biat\u0103 de Prim\u0103ria Ora\u0219ului Chitila<\/p>\n\n\n\n<p>C\u00e2ini captura\u021bi \u00een data de 03.10.2024<\/p>\n\n\n\n<p>Mascul&nbsp;3 ani, culoare negru, talie mijlocie, stare general\u0103 moderat\u0103, examen clinic s\u0103n\u0103tos, num\u0103r de identificare 1001;<\/p>\n\n\n\n<p>Mascul&nbsp;4 ani, culoare negru cu labe galbene, talie mic\u0103, stare general\u0103 moderat\u0103, examen clinic s\u0103n\u0103tos, num\u0103r de identificare 1002;<\/p>\n\n\n\n<p>Mascul&nbsp;5 ani, culoare &nbsp;maro \u00eenchis cu pete galbene, talie mijlocie, stare general\u0103 moderat\u0103, examen clinic s\u0103n\u0103tos, num\u0103r de identificare 1003;<\/p>\n\n\n\n<p>Femel\u0103&nbsp;3&nbsp;ani, culoare negru cu &nbsp;labe galbene, talie mic\u0103, stare general\u0103 moderat\u0103, examen clinic s\u0103n\u0103tos,&nbsp;num\u0103r de identificare 1004;<\/p>\n\n\n\n<p>Femel\u0103&nbsp;4 ani, culoare negru cu labe albe, talie mijlocie, stare general\u0103 moderat\u0103, examen clinic s\u0103n\u0103tos, num\u0103r de identificare 1005;<\/p>\n\n\n\n<p>Femel\u0103&nbsp;3&nbsp;ani, culoare negru cu l\u0103bu\u021be galbene,&nbsp;talie mijlocie, stare general\u0103 moderat\u0103, examen clinic s\u0103n\u0103tos, num\u0103r de identificare 1006;<\/p>\n\n\n\n<p>Femel\u0103 3 luni, culoare alb\u0103, talie mic\u0103, stare general\u0103 moderat\u0103, examen clinic s\u0103n\u0103tos, num\u0103r de identificare 1007;<\/p>\n\n\n\n<p>Femel\u0103&nbsp;3 luni, culoare alb\u0103, talie mic\u0103, stare general\u0103 moderat\u0103, examen clinic s\u0103n\u0103tos,&nbsp;num\u0103r de identificare 1008;<\/p>\n\n\n\n<p>Femel\u0103 3 luni, culoare alb\u0103, talie mic\u0103, stare general\u0103 moderat\u0103, examen clinic s\u0103n\u0103tos, num\u0103r de identificare 1009;<\/p>\n\n\n\n<p>Femel\u0103&nbsp;5 ani, culoare alb\u0103, talie mare, stare general\u0103 moderat\u0103, examen clinic s\u0103n\u0103tos,&nbsp;num\u0103r de identificare 1010;<\/p>\n\n\n\n<p>Mascul&nbsp;4 ani, culoare negru cu l\u0103bu\u021be \u0219i bot galben, talie mijlocie, stare general\u0103 moderat\u0103, examen clinic s\u0103n\u0103tos, num\u0103r de identificare 1002;<\/p>\n","protected":false},"excerpt":{"rendered":"<p>ADOPT\u0102 Salveaz\u0103 o via\u021b\u0103, adopt\u00e2nd un suflet! C\u00e2\u0219tig\u0103 un prieten pe via\u021b\u0103! Campanie ini\u021biat\u0103 de Prim\u0103ria Ora\u0219ului Chitila C\u00e2ini captura\u021bi \u00een data de 03.10.2024 Mascul&nbsp;3 ani, culoare negru, talie mijlocie, stare general\u0103 moderat\u0103, examen clinic s\u0103n\u0103tos, num\u0103r de identificare 1001; Mascul&nbsp;4 ani, culoare negru cu labe galbene, talie mic\u0103, stare general\u0103 moderat\u0103, examen clinic s\u0103n\u0103tos, [&hellip;]<\/p>\n","protected":false},"author":6,"featured_media":26732,"comment_status":"open","ping_status":"closed","sticky":false,"template":"","format":"standard","meta":{"footnotes":""},"categories":[130],"tags":[],"class_list":["post-26869","post","type-post","status-publish","format-standard","has-post-thumbnail","hentry","category-stiri"],"_links":{"self":[{"href":"https:\/\/primariachitila.ro\/new\/wp-json\/wp\/v2\/posts\/26869","targetHints":{"allow":["GET"]}}],"collection":[{"href":"https:\/\/primariachitila.ro\/new\/wp-json\/wp\/v2\/posts"}],"about":[{"href":"https:\/\/primariachitila.ro\/new\/wp-json\/wp\/v2\/types\/post"}],"author":[{"embeddable":true,"href":"https:\/\/primariachitila.ro\/new\/wp-json\/wp\/v2\/users\/6"}],"replies":[{"embeddable":true,"href":"https:\/\/primariachitila.ro\/new\/wp-json\/wp\/v2\/comments?post=26869"}],"version-history":[{"count":1,"href":"https:\/\/primariachitila.ro\/new\/wp-json\/wp\/v2\/posts\/26869\/revisions"}],"predecessor-version":[{"id":26870,"href":"https:\/\/primariachitila.ro\/new\/wp-json\/wp\/v2\/posts\/26869\/revisions\/26870"}],"wp:featuredmedia":[{"embeddable":true,"href":"https:\/\/primariachitila.ro\/new\/wp-json\/wp\/v2\/media\/26732"}],"wp:attachment":[{"href":"https:\/\/primariachitila.ro\/new\/wp-json\/wp\/v2\/media?parent=26869"}],"wp:term":[{"taxonomy":"category","embeddable":true,"href":"https:\/\/primariachitila.ro\/new\/wp-json\/wp\/v2\/categories?post=26869"},{"taxonomy":"post_tag","embeddable":true,"href":"https:\/\/primariachitila.ro\/new\/wp-json\/wp\/v2\/tags?post=26869"}],"curies":[{"name":"wp","href":"https:\/\/api.w.org\/{rel}","templated":true}]}}