{"id":26878,"date":"2024-09-23T09:55:00","date_gmt":"2024-09-23T09:55:00","guid":{"rendered":"https:\/\/primariachitila.ro\/new\/?p=26878"},"modified":"2025-11-18T07:14:04","modified_gmt":"2025-11-18T07:14:04","slug":"adopta-un-catel-15","status":"publish","type":"post","link":"https:\/\/primariachitila.ro\/new\/2024\/09\/23\/adopta-un-catel-15\/","title":{"rendered":"ADOPT\u0102 UN C\u0102\u021aEL!"},"content":{"rendered":"\n<p>ADOPT\u0102<\/p>\n\n\n\n<p>Salveaz\u0103 o via\u021b\u0103, adopt\u00e2nd un suflet!<\/p>\n\n\n\n<p>C\u00e2\u0219tig\u0103 un prieten pe via\u021b\u0103!<\/p>\n\n\n\n<p>Campanie ini\u021biat\u0103 de Prim\u0103ria Ora\u0219ului Chitila<\/p>\n\n\n\n<p>C\u00e2ini captura\u021bi \u00een data de 20.09.2024<\/p>\n\n\n\n<p>Mascul&nbsp;1 ani, culoare negru cu l\u0103bu\u021be albe, talie mijlocie, stare general\u0103 moderat\u0103, examen clinic s\u0103n\u0103tos, num\u0103r de identificare 991;<\/p>\n\n\n\n<p>Mascul&nbsp;9 luni, culoare negru,talie mic\u0103, stare general\u0103 moderat\u0103, examen clinic s\u0103n\u0103tos, num\u0103r de identificare 992;<\/p>\n\n\n\n<p>Mascul&nbsp;9 luni, culoare &nbsp;galben, bot negru, coad\u0103 neagr\u0103, talie mic\u0103, stare general\u0103 moderat\u0103, examen clinic s\u0103n\u0103tos, num\u0103r de identificare 993;<\/p>\n\n\n\n<p>Femel\u0103&nbsp;3&nbsp;ani, culoare negru cu galben, talie mare, stare general\u0103 moderat\u0103, examen clinic s\u0103n\u0103tos,&nbsp;num\u0103r de identificare 994;<\/p>\n\n\n\n<p>Femel\u0103&nbsp;4 ani, culoare negru, talie mijlocie, stare general\u0103 moderat\u0103, examen clinic s\u0103n\u0103tos, num\u0103r de identificare 995;<\/p>\n\n\n\n<p>Femel\u0103&nbsp;3&nbsp;ani, culoare negru,&nbsp;talie mijlocie, stare general\u0103 moderat\u0103, examen clinic s\u0103n\u0103tos, num\u0103r de identificare 996;<\/p>\n\n\n\n<p>Femel\u0103 4&nbsp;ani, culoare negru, dung\u0103 alb\u0103 piept \u0219i g\u00e2t, talie mijlocie, stare general\u0103 moderat\u0103, examen clinic s\u0103n\u0103tos, num\u0103r de identificare 997;<\/p>\n\n\n\n<p>Femel\u0103&nbsp;5&nbsp;ani, culoare negru cu galben, talie mijlocie, stare general\u0103 moderat\u0103, examen clinic s\u0103n\u0103tos,&nbsp;num\u0103r de identificare 998;<\/p>\n\n\n\n<p>Femel\u0103 4 ani, culoare galben, bot negru, talie mare, stare general\u0103 moderat\u0103, examen clinic s\u0103n\u0103tos,num\u0103r de identificare 999.<\/p>\n\n\n\n<p><\/p>\n","protected":false},"excerpt":{"rendered":"<p>ADOPT\u0102 Salveaz\u0103 o via\u021b\u0103, adopt\u00e2nd un suflet! C\u00e2\u0219tig\u0103 un prieten pe via\u021b\u0103! Campanie ini\u021biat\u0103 de Prim\u0103ria Ora\u0219ului Chitila C\u00e2ini captura\u021bi \u00een data de 20.09.2024 Mascul&nbsp;1 ani, culoare negru cu l\u0103bu\u021be albe, talie mijlocie, stare general\u0103 moderat\u0103, examen clinic s\u0103n\u0103tos, num\u0103r de identificare 991; Mascul&nbsp;9 luni, culoare negru,talie mic\u0103, stare general\u0103 moderat\u0103, examen clinic s\u0103n\u0103tos, num\u0103r [&hellip;]<\/p>\n","protected":false},"author":6,"featured_media":26732,"comment_status":"open","ping_status":"closed","sticky":false,"template":"","format":"standard","meta":{"footnotes":""},"categories":[130],"tags":[],"class_list":["post-26878","post","type-post","status-publish","format-standard","has-post-thumbnail","hentry","category-stiri"],"_links":{"self":[{"href":"https:\/\/primariachitila.ro\/new\/wp-json\/wp\/v2\/posts\/26878","targetHints":{"allow":["GET"]}}],"collection":[{"href":"https:\/\/primariachitila.ro\/new\/wp-json\/wp\/v2\/posts"}],"about":[{"href":"https:\/\/primariachitila.ro\/new\/wp-json\/wp\/v2\/types\/post"}],"author":[{"embeddable":true,"href":"https:\/\/primariachitila.ro\/new\/wp-json\/wp\/v2\/users\/6"}],"replies":[{"embeddable":true,"href":"https:\/\/primariachitila.ro\/new\/wp-json\/wp\/v2\/comments?post=26878"}],"version-history":[{"count":1,"href":"https:\/\/primariachitila.ro\/new\/wp-json\/wp\/v2\/posts\/26878\/revisions"}],"predecessor-version":[{"id":26879,"href":"https:\/\/primariachitila.ro\/new\/wp-json\/wp\/v2\/posts\/26878\/revisions\/26879"}],"wp:featuredmedia":[{"embeddable":true,"href":"https:\/\/primariachitila.ro\/new\/wp-json\/wp\/v2\/media\/26732"}],"wp:attachment":[{"href":"https:\/\/primariachitila.ro\/new\/wp-json\/wp\/v2\/media?parent=26878"}],"wp:term":[{"taxonomy":"category","embeddable":true,"href":"https:\/\/primariachitila.ro\/new\/wp-json\/wp\/v2\/categories?post=26878"},{"taxonomy":"post_tag","embeddable":true,"href":"https:\/\/primariachitila.ro\/new\/wp-json\/wp\/v2\/tags?post=26878"}],"curies":[{"name":"wp","href":"https:\/\/api.w.org\/{rel}","templated":true}]}}