{"id":26894,"date":"2024-09-05T09:59:00","date_gmt":"2024-09-05T09:59:00","guid":{"rendered":"https:\/\/primariachitila.ro\/new\/?p=26894"},"modified":"2025-11-18T07:14:11","modified_gmt":"2025-11-18T07:14:11","slug":"comunicat-de-presa-ambulatoriu-chitila","status":"publish","type":"post","link":"https:\/\/primariachitila.ro\/new\/2024\/09\/05\/comunicat-de-presa-ambulatoriu-chitila\/","title":{"rendered":"Comunicat de pres\u0103 &#8211; Ambulatoriu Chitila"},"content":{"rendered":"\n<p>Comunicat de pres\u0103<\/p>\n\n\n\n<p>Ambulatoriul de Specialitate SUUB- Chitila: un parteneriat de succes \u00eentre Prim\u0103ria ora\u0219ului \u0219i Spitalul Universitar de Urgen\u021b\u0103 Bucure\u0219ti<\/p>\n\n\n\n<p>Prim\u0103ria Ora\u0219ului Chitila \u00een parteneriat cu Spitalul Universitar de Urgen\u021b\u0103 Bucure\u0219ti&nbsp;deschid ast\u0103zi&nbsp;un ambulatoriu de specialitate al SUUB, o unitate sanitar\u0103 nou\u0103 realizat\u0103 \u0219i dotat\u0103 dup\u0103 cele mai \u00eenalte standarde de calitate.<\/p>\n\n\n\n<p>Ambulatoriul de Specialitate SUUB- Chitila&nbsp;func\u021bioneaz\u0103 \u00een baza unui protocol semnat \u00eentre primarul ora\u0219ului, Emilian Oprea \u0219i managerul S.U.U.B., Prof. Univ.&nbsp;Dr. C\u0103t\u0103lin C\u00eerstoiu. Personalul medical \u0219i managementul noii unit\u0103\u021bi sanitare vor fi asigurate de c\u0103tre Spitalul Universitar de Urgen\u021b\u0103 Bucure\u0219ti.<\/p>\n\n\n\n<p>Investi\u021bia total\u0103 \u00een infrastructura acestui centru medical se ridic\u0103 la aproximativ 14.000.000 lei, din care 11.600.000 lei provin din bugetul local al Prim\u0103riei &nbsp;Chitila, diferen\u021ba fiind asigurat\u0103 de Consiliul Jude\u021bean Ilfov.<\/p>\n\n\n\n<p>Situat \u00een \u0218oseaua Banatului nr. 2, Ambulatoriul este amplasat \u00eentr-o cl\u0103dire complet reabilitat\u0103 \u0219i extins\u0103, cu o suprafa\u021b\u0103 desf\u0103\u0219urat\u0103 de 1.458 mp, distribuit\u0103 pe dou\u0103 niveluri (P+1E).<\/p>\n\n\n\n<p>Dotarea cu echipamente medicale \u0219i mobilier, care s-a ridicat la 15.600.000 lei, a fost realizat\u0103 prin programul PNRR\/2022\/C12\/MS\/I1.3 \u2013 I1.3 Unit\u0103\u021bi de asisten\u021b\u0103 medical\u0103 ambulatorie. Prim\u0103ria Chitila a urm\u0103rit achizi\u021bionarea unor echipamente de \u00eenalt\u0103 performan\u021b\u0103, esen\u021biale pentru furnizarea unor servicii medicale de top. Printre echipamentele instalate \u00een Centru se num\u0103r\u0103: ecografe, aparate de monitorizare EKG, colonoscop video HD, echipamente de audiometrie, electrocardiografe, electroencefalografe, electromiografe, electrocautere, gastroscop video HD, ma\u0219ini de reprocesare a aparaturii optice, monitoare pentru func\u021bii vitale, seturi de retinoscopie direct\u0103, sisteme de colposcopie, sisteme endoscopice ORL HD cu tehnologie NBI (imagistic\u0103 cu spectru \u00eengust), laringoscoape video, sisteme de cauterizare bipolar\u0103 \u0219i cu radiofrecven\u021b\u0103 pentru ORL, ureteroscoape, ventilatoare portabile \u0219i unit\u0103\u021bi ORL. Toate aceste dot\u0103ri contribuie la crearea unui mediu modern \u0219i prietenos pentru pacien\u021bi, asigur\u00e2nd astfel accesul la servicii medicale de cea mai \u00eenalt\u0103 calitate.<\/p>\n\n\n\n<p>\u201dOra\u0219ul nostru este \u00eentr-o continu\u0103 dezvoltare. Era nevoie s\u0103 investim \u00een &nbsp;infrastructura medical\u0103 care s\u0103 r\u0103spund\u0103 nevoilor locuitorilor din Chitila de servicii medicale de calitate. Am avut \u00een vedere reducerea num\u0103rului de pacien\u021bi redirec\u021biona\u021bi c\u0103tre alte centre medicale dar \u0219i reducerea timpului de diagnosticare \u0219i tratament.<\/p>\n\n\n\n<p>Cet\u0103\u021benii ora\u0219ului, principalii beneficiari ai serviciilor medicale prestate \u00een cadrul unit\u0103\u021bii medicale nou \u00eenfiin\u021bate, vor avea acces facil la diagnostic \u0219i tratament mai rapid \u0219i mai precis datorit\u0103 aparatelor medicale moderne \u0219i performante.<\/p>\n\n\n\n<p>Urm\u0103torul pas \u00een dezvoltarea infrastructurii de servicii medicale pentru cet\u0103\u021benii din ora\u0219ul nostru vizeaz\u0103 reabilitarea \u0219i modernizarea Dispensarului uman. Av\u00e2nd acum acest nou Centru Medical, care va r\u0103spunde nevoilor cet\u0103\u021benilor de servicii sanitare, ne putem ocupa \u0219i de actualul dispensar care necesit\u0103 lucr\u0103ri ample de reabilitare. Este un proiect pe care \u00eel realiz\u0103m cu fonduri de la bugetul local \u0219i de la Consiliul Jude\u021bean Ilfov\u201d, a declarat Emilian OPREA, primarul ora\u0219ului Chitila.<\/p>\n\n\n\n<p>\u201dEste&nbsp;primul proiect de acest&nbsp;gen al Spitalului Universitar de Urgen\u021b\u0103 Bucure\u0219ti \u00een Ilfov. \u00cen acest Ambulatoriu vor oferi consulta\u021bii medici din cadrul SUUB din specialit\u0103\u021bi precum: neurologie, hematologie, chirurgie general\u0103, medici de medicin\u0103 intern\u0103, gastroenterologi, diabetologi&nbsp;\u0219i vor fi mai mul\u021bi medici din diverse specialit\u0103\u021bi medicale. &nbsp;\u00cengrijirea pacien\u021bilor r\u0103m\u00e2ne o prioritate absolut\u0103. Ne str\u0103duim constant s\u0103 oferim servicii medicale de cea mai \u00eenalt\u0103 calitate, iar consulta\u021biile din ambulatoriu sunt esen\u021biale \u00een acest demers.&nbsp;Pacien\u021bii vor putea veni \u0219i la Spitalul Universitar, exist\u00e2nd o bun\u0103 colaborare \u00eentre medicii no\u0219tri.&nbsp;Este foarte important pentru noi ca to\u021bi pacien\u021bii s\u0103 beneficieze de \u00eengrijiri medicale de specialitate \u00een cele mai bune condi\u021bii \u0219i la cele mai \u00eenalte standarde de&nbsp;profesionalism\u201d, a declarat Prof. Univ. Dr. C\u0103t\u0103lin C\u00eerstoiu, managerul S.U.U.B.<\/p>\n\n\n\n<p>Ambulatoriul din Chitila va permite \u00een timp furnizarea de servicii \u00een&nbsp;mai multe&nbsp;specialit\u0103\u021bi medicale, dintre care: &nbsp;ortopedie, obstetric\u0103-ginecologie,&nbsp;gastroentrologie,&nbsp;medicin\u0103 intern\u0103,&nbsp;neurologie,&nbsp;diabet \u0219i boli de nutri\u021bie,&nbsp;ecografie general\u0103,&nbsp;endocrinologie, medicin\u0103 de familie, oncologie, hematologie \u0219i chirurgie general\u0103.<\/p>\n","protected":false},"excerpt":{"rendered":"<p>Comunicat de pres\u0103 Ambulatoriul de Specialitate SUUB- Chitila: un parteneriat de succes \u00eentre Prim\u0103ria ora\u0219ului \u0219i Spitalul Universitar de Urgen\u021b\u0103 Bucure\u0219ti Prim\u0103ria Ora\u0219ului Chitila \u00een parteneriat cu Spitalul Universitar de Urgen\u021b\u0103 Bucure\u0219ti&nbsp;deschid ast\u0103zi&nbsp;un ambulatoriu de specialitate al SUUB, o unitate sanitar\u0103 nou\u0103 realizat\u0103 \u0219i dotat\u0103 dup\u0103 cele mai \u00eenalte standarde de calitate. Ambulatoriul de Specialitate [&hellip;]<\/p>\n","protected":false},"author":6,"featured_media":26804,"comment_status":"open","ping_status":"closed","sticky":false,"template":"","format":"standard","meta":{"footnotes":""},"categories":[130],"tags":[],"class_list":["post-26894","post","type-post","status-publish","format-standard","has-post-thumbnail","hentry","category-stiri"],"_links":{"self":[{"href":"https:\/\/primariachitila.ro\/new\/wp-json\/wp\/v2\/posts\/26894","targetHints":{"allow":["GET"]}}],"collection":[{"href":"https:\/\/primariachitila.ro\/new\/wp-json\/wp\/v2\/posts"}],"about":[{"href":"https:\/\/primariachitila.ro\/new\/wp-json\/wp\/v2\/types\/post"}],"author":[{"embeddable":true,"href":"https:\/\/primariachitila.ro\/new\/wp-json\/wp\/v2\/users\/6"}],"replies":[{"embeddable":true,"href":"https:\/\/primariachitila.ro\/new\/wp-json\/wp\/v2\/comments?post=26894"}],"version-history":[{"count":1,"href":"https:\/\/primariachitila.ro\/new\/wp-json\/wp\/v2\/posts\/26894\/revisions"}],"predecessor-version":[{"id":26895,"href":"https:\/\/primariachitila.ro\/new\/wp-json\/wp\/v2\/posts\/26894\/revisions\/26895"}],"wp:featuredmedia":[{"embeddable":true,"href":"https:\/\/primariachitila.ro\/new\/wp-json\/wp\/v2\/media\/26804"}],"wp:attachment":[{"href":"https:\/\/primariachitila.ro\/new\/wp-json\/wp\/v2\/media?parent=26894"}],"wp:term":[{"taxonomy":"category","embeddable":true,"href":"https:\/\/primariachitila.ro\/new\/wp-json\/wp\/v2\/categories?post=26894"},{"taxonomy":"post_tag","embeddable":true,"href":"https:\/\/primariachitila.ro\/new\/wp-json\/wp\/v2\/tags?post=26894"}],"curies":[{"name":"wp","href":"https:\/\/api.w.org\/{rel}","templated":true}]}}