{"id":26900,"date":"2024-09-02T10:01:00","date_gmt":"2024-09-02T10:01:00","guid":{"rendered":"https:\/\/primariachitila.ro\/new\/?p=26900"},"modified":"2025-11-18T07:14:11","modified_gmt":"2025-11-18T07:14:11","slug":"adopta-un-catel-17","status":"publish","type":"post","link":"https:\/\/primariachitila.ro\/new\/2024\/09\/02\/adopta-un-catel-17\/","title":{"rendered":"ADOPT\u0102 UN C\u0102\u021aEL!"},"content":{"rendered":"\n<p>ADOPT\u0102<\/p>\n\n\n\n<p>Salveaz\u0103 o via\u021b\u0103, adopt\u00e2nd un suflet!<\/p>\n\n\n\n<p>C\u00e2\u0219tig\u0103 un prieten pe via\u021b\u0103!<\/p>\n\n\n\n<p>Campanie ini\u021biat\u0103 de Prim\u0103ria Ora\u0219ului Chitila<\/p>\n\n\n\n<p>C\u00e2ini captura\u021bi \u00een data de 22.08.2024<\/p>\n\n\n\n<p>Mascul&nbsp;4 &nbsp;ani, culoare negru cu alb,picioarealbe, talie mare, stare general moderat\u0103, examen clinic s\u0103n\u0103tos, num\u0103r de identificare 936;<\/p>\n\n\n\n<p>Mascul&nbsp;5 &nbsp;ani, culoare negru,bot alb,picioare albe, burt\u0103 alb\u0103, talie mijlocie, stare general moderat\u0103, examen clinic s\u0103n\u0103tos, num\u0103r de identificare 937;<\/p>\n\n\n\n<p>Mascul&nbsp;3&nbsp; ani, culoare negru-galben, &nbsp;talie mijlocie, stare general moderat\u0103, examen clinic s\u0103n\u0103tos, num\u0103r de identificare 938;<\/p>\n\n\n\n<p>Mascul&nbsp;3 ani, culoare galben cu alb (g\u00e2t), talie mijlocie, stare general moderat\u0103, examen clinic s\u0103n\u0103tos, num\u0103r de identificare 939;<\/p>\n\n\n\n<p>Femel\u0103&nbsp;4&nbsp; ani, culoare negru, talie mijlocie, stare general moderat\u0103, examen clinic s\u0103n\u0103tos,&nbsp;num\u0103r de identificare 940;<\/p>\n\n\n\n<p>Femel\u0103&nbsp;3&nbsp; ani, culoare maro-galben, talie mijlocie, stare general moderat\u0103, examen clinic s\u0103n\u0103tos, num\u0103r de identificare 941;<\/p>\n\n\n\n<p>Femel\u0103&nbsp;5 ani, culoare negru burt\u0103,cu picioare galbene, talie mare, stare general moderat\u0103, examen clinic s\u0103n\u0103tos, num\u0103r de identificare 942;<\/p>\n\n\n\n<p>Mascul&nbsp;3&nbsp;luni, culoare gri, talie mic\u0103, stare general moderat\u0103, examen clinic s\u0103n\u0103tos, num\u0103r de identificare 943.<\/p>\n\n\n\n<p>Mascul&nbsp;3&nbsp; luni, culoare gri, talie mic\u0103, stare general moderat\u0103, examen clinic s\u0103n\u0103tos, num\u0103r de identificare 944;<\/p>\n\n\n\n<p>Mascul&nbsp;3 luni, culoare bej-maro,talie mic\u0103, stare general moderat\u0103, examen clinic s\u0103n\u0103tos, num\u0103r de identificare 945;<\/p>\n\n\n\n<p>Femel\u0103&nbsp;3&nbsp;luni, culoare gri, talie mic\u0103, stare general moderat\u0103, examen clinic s\u0103n\u0103tos,&nbsp;num\u0103r de identificare 946;<\/p>\n\n\n\n<p>Femel\u0103&nbsp;3&nbsp;luni, culoare negru, burt\u0103 alba, talie mic\u0103, stare general moderat\u0103, examen clinic s\u0103n\u0103tos, num\u0103r de identificare 947;<\/p>\n\n\n\n<p>Mascul&nbsp;3 luni, culoare galben maro cu alb, talie mic\u0103, stare general moderat\u0103, examen clinic s\u0103n\u0103tos, num\u0103r de identificare 948;<\/p>\n\n\n\n<p>Femel\u0103&nbsp;3&nbsp;luni, culoare galben maro cu alb, talie mic\u0103, stare general moderat\u0103, examen clinic s\u0103n\u0103tos, num\u0103r de identificare 949.<\/p>\n","protected":false},"excerpt":{"rendered":"<p>ADOPT\u0102 Salveaz\u0103 o via\u021b\u0103, adopt\u00e2nd un suflet! C\u00e2\u0219tig\u0103 un prieten pe via\u021b\u0103! Campanie ini\u021biat\u0103 de Prim\u0103ria Ora\u0219ului Chitila C\u00e2ini captura\u021bi \u00een data de 22.08.2024 Mascul&nbsp;4 &nbsp;ani, culoare negru cu alb,picioarealbe, talie mare, stare general moderat\u0103, examen clinic s\u0103n\u0103tos, num\u0103r de identificare 936; Mascul&nbsp;5 &nbsp;ani, culoare negru,bot alb,picioare albe, burt\u0103 alb\u0103, talie mijlocie, stare general moderat\u0103, [&hellip;]<\/p>\n","protected":false},"author":6,"featured_media":26732,"comment_status":"open","ping_status":"closed","sticky":false,"template":"","format":"standard","meta":{"footnotes":""},"categories":[130],"tags":[],"class_list":["post-26900","post","type-post","status-publish","format-standard","has-post-thumbnail","hentry","category-stiri"],"_links":{"self":[{"href":"https:\/\/primariachitila.ro\/new\/wp-json\/wp\/v2\/posts\/26900","targetHints":{"allow":["GET"]}}],"collection":[{"href":"https:\/\/primariachitila.ro\/new\/wp-json\/wp\/v2\/posts"}],"about":[{"href":"https:\/\/primariachitila.ro\/new\/wp-json\/wp\/v2\/types\/post"}],"author":[{"embeddable":true,"href":"https:\/\/primariachitila.ro\/new\/wp-json\/wp\/v2\/users\/6"}],"replies":[{"embeddable":true,"href":"https:\/\/primariachitila.ro\/new\/wp-json\/wp\/v2\/comments?post=26900"}],"version-history":[{"count":1,"href":"https:\/\/primariachitila.ro\/new\/wp-json\/wp\/v2\/posts\/26900\/revisions"}],"predecessor-version":[{"id":26901,"href":"https:\/\/primariachitila.ro\/new\/wp-json\/wp\/v2\/posts\/26900\/revisions\/26901"}],"wp:featuredmedia":[{"embeddable":true,"href":"https:\/\/primariachitila.ro\/new\/wp-json\/wp\/v2\/media\/26732"}],"wp:attachment":[{"href":"https:\/\/primariachitila.ro\/new\/wp-json\/wp\/v2\/media?parent=26900"}],"wp:term":[{"taxonomy":"category","embeddable":true,"href":"https:\/\/primariachitila.ro\/new\/wp-json\/wp\/v2\/categories?post=26900"},{"taxonomy":"post_tag","embeddable":true,"href":"https:\/\/primariachitila.ro\/new\/wp-json\/wp\/v2\/tags?post=26900"}],"curies":[{"name":"wp","href":"https:\/\/api.w.org\/{rel}","templated":true}]}}