{"id":26908,"date":"2024-08-22T10:03:00","date_gmt":"2024-08-22T10:03:00","guid":{"rendered":"https:\/\/primariachitila.ro\/new\/?p=26908"},"modified":"2025-11-18T07:14:18","modified_gmt":"2025-11-18T07:14:18","slug":"adopta-un-catel-18","status":"publish","type":"post","link":"https:\/\/primariachitila.ro\/new\/2024\/08\/22\/adopta-un-catel-18\/","title":{"rendered":"ADOPT\u0102 UN C\u0102\u021aEL!"},"content":{"rendered":"\n<p>ADOPT\u0102<\/p>\n\n\n\n<p>Salveaz\u0103 o via\u021b\u0103, adopt\u00e2nd un suflet!<\/p>\n\n\n\n<p>C\u00e2\u0219tig\u0103 un prieten pe via\u021b\u0103!<\/p>\n\n\n\n<p>Campanie ini\u021biat\u0103 de Prim\u0103ria Ora\u0219ului Chitila<\/p>\n\n\n\n<p>C\u00e2ini captura\u021bi \u00een data de 09.08.2024<\/p>\n\n\n\n<p>Femel\u0103&nbsp;4 &nbsp;ani, culoare galben maro, talie mic\u0103, stare general moderat\u0103, examen clinic s\u0103n\u0103tos, num\u0103r de identificare 921;<\/p>\n\n\n\n<p>Mascul&nbsp;3 &nbsp;ani, culoare maro cu urechi \u0219i bot negru, talie mare, stare general moderat\u0103, examen clinic s\u0103n\u0103tos, num\u0103r de identificare 922;<\/p>\n\n\n\n<p>Mascul&nbsp;5&nbsp; ani, culoare galben cu alb, &nbsp;talie mare, stare general moderat\u0103, examen clinic s\u0103n\u0103tos, num\u0103r de identificare 923;<\/p>\n\n\n\n<p>Mascul&nbsp;5 ani, culoare negru cu alb \u0219i coad\u0103 alb\u0103, talie mijlocie, stare general moderat\u0103, examen clinic s\u0103n\u0103tos, num\u0103r de identificare 924;<\/p>\n\n\n\n<p>Mascul&nbsp;2&nbsp; ani, culoare negru cu burt\u0103 alb\u0103, talie mijlocie, stare general moderat\u0103, examen clinic s\u0103n\u0103tos; num\u0103r de identificare 925;<\/p>\n\n\n\n<p>Mascul&nbsp;4&nbsp; ani, culoare negru cu alb, &nbsp;talie mijlocie, stare general moderat\u0103, examen clinic s\u0103n\u0103tos, num\u0103r de identificare 926;<\/p>\n\n\n\n<p>Mascul&nbsp;1 ani, culoare negru cu burt\u0103 alb\u0103 , talie mic\u0103, stare general moderat\u0103, examen clinic s\u0103n\u0103tos, num\u0103r de identificare 927;<\/p>\n\n\n\n<p>Mascul&nbsp;3&nbsp;ani, culoare negru cu piept \u0219i burt\u0103 alb\u0103, talie mijlocie, stare general moderat\u0103, examen clinic s\u0103n\u0103tos, num\u0103r de identificare 925.<\/p>\n","protected":false},"excerpt":{"rendered":"<p>ADOPT\u0102 Salveaz\u0103 o via\u021b\u0103, adopt\u00e2nd un suflet! C\u00e2\u0219tig\u0103 un prieten pe via\u021b\u0103! Campanie ini\u021biat\u0103 de Prim\u0103ria Ora\u0219ului Chitila C\u00e2ini captura\u021bi \u00een data de 09.08.2024 Femel\u0103&nbsp;4 &nbsp;ani, culoare galben maro, talie mic\u0103, stare general moderat\u0103, examen clinic s\u0103n\u0103tos, num\u0103r de identificare 921; Mascul&nbsp;3 &nbsp;ani, culoare maro cu urechi \u0219i bot negru, talie mare, stare general moderat\u0103, [&hellip;]<\/p>\n","protected":false},"author":6,"featured_media":26732,"comment_status":"open","ping_status":"closed","sticky":false,"template":"","format":"standard","meta":{"footnotes":""},"categories":[130],"tags":[],"class_list":["post-26908","post","type-post","status-publish","format-standard","has-post-thumbnail","hentry","category-stiri"],"_links":{"self":[{"href":"https:\/\/primariachitila.ro\/new\/wp-json\/wp\/v2\/posts\/26908","targetHints":{"allow":["GET"]}}],"collection":[{"href":"https:\/\/primariachitila.ro\/new\/wp-json\/wp\/v2\/posts"}],"about":[{"href":"https:\/\/primariachitila.ro\/new\/wp-json\/wp\/v2\/types\/post"}],"author":[{"embeddable":true,"href":"https:\/\/primariachitila.ro\/new\/wp-json\/wp\/v2\/users\/6"}],"replies":[{"embeddable":true,"href":"https:\/\/primariachitila.ro\/new\/wp-json\/wp\/v2\/comments?post=26908"}],"version-history":[{"count":1,"href":"https:\/\/primariachitila.ro\/new\/wp-json\/wp\/v2\/posts\/26908\/revisions"}],"predecessor-version":[{"id":26909,"href":"https:\/\/primariachitila.ro\/new\/wp-json\/wp\/v2\/posts\/26908\/revisions\/26909"}],"wp:featuredmedia":[{"embeddable":true,"href":"https:\/\/primariachitila.ro\/new\/wp-json\/wp\/v2\/media\/26732"}],"wp:attachment":[{"href":"https:\/\/primariachitila.ro\/new\/wp-json\/wp\/v2\/media?parent=26908"}],"wp:term":[{"taxonomy":"category","embeddable":true,"href":"https:\/\/primariachitila.ro\/new\/wp-json\/wp\/v2\/categories?post=26908"},{"taxonomy":"post_tag","embeddable":true,"href":"https:\/\/primariachitila.ro\/new\/wp-json\/wp\/v2\/tags?post=26908"}],"curies":[{"name":"wp","href":"https:\/\/api.w.org\/{rel}","templated":true}]}}