{"id":26932,"date":"2024-07-29T10:09:00","date_gmt":"2024-07-29T10:09:00","guid":{"rendered":"https:\/\/primariachitila.ro\/new\/?p=26932"},"modified":"2025-11-18T07:14:24","modified_gmt":"2025-11-18T07:14:24","slug":"folchit-festivalul-de-folk-de-la-chitila-2024","status":"publish","type":"post","link":"https:\/\/primariachitila.ro\/new\/2024\/07\/29\/folchit-festivalul-de-folk-de-la-chitila-2024\/","title":{"rendered":"Folchit &#8211; Festivalul de Folk de la Chitila 2024"},"content":{"rendered":"\n<p>Dac\u0103 ar fi s\u0103 rezum\u0103m \u00een c\u00e2teva cuvinte edi\u021bia 2024 a festivalului de folk &#8211; Folchit, ar suna a\u0219a: dou\u0103 zile de poveste, arti\u0219ti consacra\u021bi, un num\u0103r impresionant de iubitori de folk, mult\u0103 creativitate \u0219i bun\u0103 dispozi\u021bie.&nbsp;<\/p>\n\n\n\n<p>&nbsp;Au fost dou\u0103 zile magice, \u00een care unii dintre cei mai iubi\u021bi arti\u0219ti de muzic\u0103 folk au \u00eemp\u0103rt\u0103\u0219it cu noi, to\u021bi cei prezen\u021bi, muzic\u01ce de calitate.&nbsp;<\/p>\n\n\n\n<p>A fost distrac\u021bie, dans, relaxare, ploaie, iar la final, curcubeu.&nbsp;<\/p>\n\n\n\n<p>Ne-am bucurat de ateliere creative, \u00een care ne-am testat abilit\u0103\u021bile de a construi instrumente muzicale \u0219i ne-am bucurat de momente \u00eempreun\u0103, \u00eenregistr\u00e2nd piesa preferat\u0103 \u00een studioul special amenajat de la @hahaha_production. Mai mult, am avut \u0219ansa s\u0103 ne bucur\u0103m de ateliere de percu\u021bie care au animat atmosfera \u0219i de \u0219ez\u0103toarea muzical\u0103, pentru toate v\u00e2rstele.<\/p>\n\n\n\n<p>Dorim s\u0103 v\u0103 mul\u021bumim tuturor celor prezen\u021bi la Folchit, pentru c\u0103 a\u021bi adus magie acestui festival \u0219i, \u00een mod special, Prim\u0103riei Ora\u0219ului Chitila, pentru organizarea acestui festival de poveste \u00een parteneriat cu Consiliul Jude\u021bean Ilfov \u0219i Centrul Jude\u021bean pentru Conservarea \u0219i Promovarea Culturii Tradi\u021bionale Ilfov. Mul\u021bumim Funda\u021biei Pro Chitila \u0219i partenerului media Rock FM pentru promovarea acestui eveniment. Un mare mul\u021bumesc se \u00eendreapt\u0103 c\u0103tre voluntari, pentru implicarea extraordinar\u0103.&nbsp;<\/p>\n\n\n\n<p>Mul\u021bumim, George Gabriel Moti\u0219an \u0219i elevilor \u0218colii Gimnaziale Prof. Ion Vi\u0219oiu, condu\u0219i de dl. profesor Beniamin Ispilat pentru deschiderea spectacolelor \u0219i tuturor arti\u0219tilor care au urcat pe scena Folchit: Alina Manole, Nicu Zotta, Daniel Iancu, Villia, Sunt un frate t\u00e2n\u0103r, Cristi Dumitra\u0219cu \u0219i Planul B, Mircea Vintil\u0103 \u0219i Ducu Bertzi.<\/p>\n\n\n\n<p>Ne revedem anul viitor cu mai multe surprize \u0219i muzic\u0103 bun\u0103!<\/p>\n","protected":false},"excerpt":{"rendered":"<p>Dac\u0103 ar fi s\u0103 rezum\u0103m \u00een c\u00e2teva cuvinte edi\u021bia 2024 a festivalului de folk &#8211; Folchit, ar suna a\u0219a: dou\u0103 zile de poveste, arti\u0219ti consacra\u021bi, un num\u0103r impresionant de iubitori de folk, mult\u0103 creativitate \u0219i bun\u0103 dispozi\u021bie.&nbsp; &nbsp;Au fost dou\u0103 zile magice, \u00een care unii dintre cei mai iubi\u021bi arti\u0219ti de muzic\u0103 folk au \u00eemp\u0103rt\u0103\u0219it [&hellip;]<\/p>\n","protected":false},"author":6,"featured_media":26933,"comment_status":"open","ping_status":"closed","sticky":false,"template":"","format":"standard","meta":{"footnotes":""},"categories":[130],"tags":[],"class_list":["post-26932","post","type-post","status-publish","format-standard","has-post-thumbnail","hentry","category-stiri"],"_links":{"self":[{"href":"https:\/\/primariachitila.ro\/new\/wp-json\/wp\/v2\/posts\/26932","targetHints":{"allow":["GET"]}}],"collection":[{"href":"https:\/\/primariachitila.ro\/new\/wp-json\/wp\/v2\/posts"}],"about":[{"href":"https:\/\/primariachitila.ro\/new\/wp-json\/wp\/v2\/types\/post"}],"author":[{"embeddable":true,"href":"https:\/\/primariachitila.ro\/new\/wp-json\/wp\/v2\/users\/6"}],"replies":[{"embeddable":true,"href":"https:\/\/primariachitila.ro\/new\/wp-json\/wp\/v2\/comments?post=26932"}],"version-history":[{"count":1,"href":"https:\/\/primariachitila.ro\/new\/wp-json\/wp\/v2\/posts\/26932\/revisions"}],"predecessor-version":[{"id":26934,"href":"https:\/\/primariachitila.ro\/new\/wp-json\/wp\/v2\/posts\/26932\/revisions\/26934"}],"wp:featuredmedia":[{"embeddable":true,"href":"https:\/\/primariachitila.ro\/new\/wp-json\/wp\/v2\/media\/26933"}],"wp:attachment":[{"href":"https:\/\/primariachitila.ro\/new\/wp-json\/wp\/v2\/media?parent=26932"}],"wp:term":[{"taxonomy":"category","embeddable":true,"href":"https:\/\/primariachitila.ro\/new\/wp-json\/wp\/v2\/categories?post=26932"},{"taxonomy":"post_tag","embeddable":true,"href":"https:\/\/primariachitila.ro\/new\/wp-json\/wp\/v2\/tags?post=26932"}],"curies":[{"name":"wp","href":"https:\/\/api.w.org\/{rel}","templated":true}]}}