{"id":26935,"date":"2024-07-23T10:10:00","date_gmt":"2024-07-23T10:10:00","guid":{"rendered":"https:\/\/primariachitila.ro\/new\/?p=26935"},"modified":"2025-11-18T07:14:24","modified_gmt":"2025-11-18T07:14:24","slug":"campanie-pentru-combaterea-tantarilor","status":"publish","type":"post","link":"https:\/\/primariachitila.ro\/new\/2024\/07\/23\/campanie-pentru-combaterea-tantarilor\/","title":{"rendered":"Campanie pentru combaterea \u021b\u00e2n\u021barilor"},"content":{"rendered":"\n<p>\ud83d\uddd3\ufe0f \u00cen perioada 24 -30 iulie 2024, \u00eentre orele orele 22.00 \u2013 05.00, va avea loc o nou\u0103 campanie pentru combaterea \u021b\u00e2n\u021barilor. Prin aceste demersuri, realizate la nivelul \u00eentregului jude\u021b Ilfov, sporim confortul &nbsp;cet\u0103\u021benilor \u0219i asigur\u0103m un mediu pl\u0103cut pentru petrecerea timpului \u00een aer liber.<br>Ac\u021biunea se va desf\u0103\u0219ura \u00een prima zi a intervalului, iar \u00een cazul \u00een care condi\u021biile meteo nu vor permite, \u00een urm\u0103toarea zi favorabil\u0103 desf\u0103\u0219ur\u0103rii unei astfel de activit\u0103\u021bi.<br>De pe ma\u0219ini utilitare speciale va fi pulverizat\u0103 substan\u021ba STING pe str\u0103zile \u0219i spa\u021biile verzi din ora\u0219ul Chitila.\u26a0\ufe0fProdusul este toxic pentru albine, pe\u0219ti \u0219i organisme acvatice.<\/p>\n\n\n\n<p><br>Rug\u0103m cet\u0103\u021benii s\u0103 evite zonele unde se efectueaz\u0103 activitatea, s\u0103 nu transporte alimente neacoperite \u00een zonele de lucru \u0219i s\u0103 \u021bin\u0103 ferestrele \u00eenchise.<\/p>\n\n\n\n<p><\/p>\n","protected":false},"excerpt":{"rendered":"<p>\ud83d\uddd3\ufe0f \u00cen perioada 24 -30 iulie 2024, \u00eentre orele orele 22.00 \u2013 05.00, va avea loc o nou\u0103 campanie pentru combaterea \u021b\u00e2n\u021barilor. Prin aceste demersuri, realizate la nivelul \u00eentregului jude\u021b Ilfov, sporim confortul &nbsp;cet\u0103\u021benilor \u0219i asigur\u0103m un mediu pl\u0103cut pentru petrecerea timpului \u00een aer liber.Ac\u021biunea se va desf\u0103\u0219ura \u00een prima zi a intervalului, iar \u00een [&hellip;]<\/p>\n","protected":false},"author":6,"featured_media":26774,"comment_status":"open","ping_status":"closed","sticky":false,"template":"","format":"standard","meta":{"footnotes":""},"categories":[130],"tags":[],"class_list":["post-26935","post","type-post","status-publish","format-standard","has-post-thumbnail","hentry","category-stiri"],"_links":{"self":[{"href":"https:\/\/primariachitila.ro\/new\/wp-json\/wp\/v2\/posts\/26935","targetHints":{"allow":["GET"]}}],"collection":[{"href":"https:\/\/primariachitila.ro\/new\/wp-json\/wp\/v2\/posts"}],"about":[{"href":"https:\/\/primariachitila.ro\/new\/wp-json\/wp\/v2\/types\/post"}],"author":[{"embeddable":true,"href":"https:\/\/primariachitila.ro\/new\/wp-json\/wp\/v2\/users\/6"}],"replies":[{"embeddable":true,"href":"https:\/\/primariachitila.ro\/new\/wp-json\/wp\/v2\/comments?post=26935"}],"version-history":[{"count":1,"href":"https:\/\/primariachitila.ro\/new\/wp-json\/wp\/v2\/posts\/26935\/revisions"}],"predecessor-version":[{"id":26936,"href":"https:\/\/primariachitila.ro\/new\/wp-json\/wp\/v2\/posts\/26935\/revisions\/26936"}],"wp:featuredmedia":[{"embeddable":true,"href":"https:\/\/primariachitila.ro\/new\/wp-json\/wp\/v2\/media\/26774"}],"wp:attachment":[{"href":"https:\/\/primariachitila.ro\/new\/wp-json\/wp\/v2\/media?parent=26935"}],"wp:term":[{"taxonomy":"category","embeddable":true,"href":"https:\/\/primariachitila.ro\/new\/wp-json\/wp\/v2\/categories?post=26935"},{"taxonomy":"post_tag","embeddable":true,"href":"https:\/\/primariachitila.ro\/new\/wp-json\/wp\/v2\/tags?post=26935"}],"curies":[{"name":"wp","href":"https:\/\/api.w.org\/{rel}","templated":true}]}}