{"id":26939,"date":"2024-07-12T10:11:00","date_gmt":"2024-07-12T10:11:00","guid":{"rendered":"https:\/\/primariachitila.ro\/new\/?p=26939"},"modified":"2025-11-18T07:14:24","modified_gmt":"2025-11-18T07:14:24","slug":"%f0%9d%90%80%f0%9d%90%ad%f0%9d%90%9e%f0%9d%90%a7%f0%9d%90%ad%cc%a6%f0%9d%90%a2%f0%9d%90%9e-%f0%9d%90%82%f0%9d%90%a8%f0%9d%90%9d-%f0%9d%90%91%f0%9d%90%a8%f0%9d%90%ac%cc%a6%f0%9d%90%ae-%f0%9d%90%9d","status":"publish","type":"post","link":"https:\/\/primariachitila.ro\/new\/2024\/07\/12\/%f0%9d%90%80%f0%9d%90%ad%f0%9d%90%9e%f0%9d%90%a7%f0%9d%90%ad%cc%a6%f0%9d%90%a2%f0%9d%90%9e-%f0%9d%90%82%f0%9d%90%a8%f0%9d%90%9d-%f0%9d%90%91%f0%9d%90%a8%f0%9d%90%ac%cc%a6%f0%9d%90%ae-%f0%9d%90%9d\/","title":{"rendered":"\ud835\udc00\ud835\udc2d\ud835\udc1e\ud835\udc27\ud835\udc2d\u0326\ud835\udc22\ud835\udc1e! \ud835\udc02\ud835\udc28\ud835\udc1d \ud835\udc11\ud835\udc28\ud835\udc2c\u0326\ud835\udc2e \ud835\udc1d\ud835\udc1e \ud835\udc02\ud835\udc1a\ud835\udc27\ud835\udc22\ud835\udc1c\ud835\udc2e\ud835\udc25\ud835\udc1a\u0306 \ud835\udc22\u0302\ud835\udc27 \ud835\udc08\ud835\udc25\ud835\udc1f\ud835\udc28\ud835\udc2f"},"content":{"rendered":"\n<p>\u00cen data de 11.07.2024, la sediul \ud835\udc08\ud835\udc27\ud835\udc2c\ud835\udc2d\ud835\udc22\ud835\udc2d\ud835\udc2e\ud835\udc2d\u0326\ud835\udc22\ud835\udc1e\ud835\udc22 \ud835\udc0f\ud835\udc2b\ud835\udc1e\ud835\udc1f\ud835\udc1e\ud835\udc1c\ud835\udc2d\ud835\udc2e\ud835\udc25\ud835\udc2e\ud835\udc22 \ud835\udc09\ud835\udc2e\ud835\udc1d\ud835\udc1e\ud835\udc2d\u0326 \ud835\udc08\ud835\udc25\ud835\udc1f\ud835\udc28\ud835\udc2f a avut loc \u0219edin\u021ba extraordinar\u0103 a \ud835\udc02\ud835\udc28\ud835\udc26\ud835\udc22\ud835\udc2d\ud835\udc1e\ud835\udc2d\ud835\udc2e\ud835\udc25\ud835\udc2e\ud835\udc22 \ud835\udc09\ud835\udc2e\ud835\udc1d\ud835\udc1e\ud835\udc2d\u0326\ud835\udc1e\ud835\udc1a\ud835\udc27 \ud835\udc29\ud835\udc1e\ud835\udc27\ud835\udc2d\ud835\udc2b\ud835\udc2e \ud835\udc12\ud835\udc22\ud835\udc2d\ud835\udc2e\ud835\udc1a\ud835\udc2d\u0326\ud835\udc22\ud835\udc22 \ud835\udc1d\ud835\udc1e \ud835\udc14\ud835\udc2b\ud835\udc20\ud835\udc1e\ud835\udc27\ud835\udc2d\u0326\ud835\udc1a\u0306, convocat\u0103 de \ud835\udc0f\ud835\udc2b\ud835\udc1e\ud835\udc1f\ud835\udc1e\ud835\udc1c\ud835\udc2d\ud835\udc2e\ud835\udc25 \ud835\udc23\ud835\udc2e\ud835\udc1d\ud835\udc1e\ud835\udc2d\u0326\ud835\udc2e\ud835\udc25\ud835\udc2e\ud835\udc22 \ud835\udc08\ud835\udc25\ud835\udc1f\ud835\udc28\ud835\udc2f \u2013 \ud835\udc1d\ud835\udc28\ud835\udc1a\ud835\udc26\ud835\udc27\ud835\udc1a \ud835\udc12\ud835\udc22\ud835\udc26\ud835\udc28\ud835\udc27\ud835\udc1a \ud835\udc0d\ud835\udc04\ud835\udc02\ud835\udc14\ud835\udc0b\ud835\udc00\ud835\udc04 &#8211; ca urmare a avertiz\u0103rilor de cod portocaliu \u0219i cod ro\u0219u de temperaturi ridicate (canicul\u0103).<\/p>\n\n\n\n<p><img decoding=\"async\" alt=\"Image removed.\" height=\"16\" src=\"https:\/\/primariachitila.ro\/echitila\/core\/misc\/icons\/e32700\/error.svg\" width=\"16\">\u00cen cadrul \u0219edin\u021bei au fost adoptate Hot\u0103r\u00e2rile nr. 5 \u0219i nr. 6 prin care s-a dispus activarea Celulei pentru monitorizarea efectelor tipului de risc de temperaturi extreme \u2013 risc asociat \u201dcanicul\u0103\u201d \u2013 \ud835\udc02\ud835\udc0e\ud835\udc03 \ud835\udc11\ud835\udc0e\ud835\udc12\u0326\ud835\udc14 de la nivelul \ud835\udc02\ud835\udc1e\ud835\udc27\ud835\udc2d\ud835\udc2b\ud835\udc2e\ud835\udc25\ud835\udc2e\ud835\udc22 \ud835\udc09\ud835\udc2e\ud835\udc1d\ud835\udc1e\ud835\udc2d\u0326\ud835\udc1e\ud835\udc1a\ud835\udc27 \ud835\udc1d\ud835\udc1e \ud835\udc02\ud835\udc28\ud835\udc28\ud835\udc2b\ud835\udc1d\ud835\udc28\ud835\udc27\ud835\udc1a\ud835\udc2b\ud835\udc1e \ud835\udc2c\u0326\ud835\udc22 \ud835\udc02\ud835\udc28\ud835\udc27\ud835\udc1d\ud835\udc2e\ud835\udc1c\ud835\udc1e\ud835\udc2b\ud835\udc1e \ud835\udc1a \ud835\udc08\ud835\udc27\ud835\udc2d\ud835\udc1e\ud835\udc2b\ud835\udc2f\ud835\udc1e\ud835\udc27\ud835\udc2d\u0326\ud835\udc22\ud835\udc1e\ud835\udc22 \ud835\udc08\ud835\udc25\ud835\udc1f\ud835\udc28\ud835\udc2f. De asemenea, se instituie \ud835\udc12\ud835\udc1e\ud835\udc2b\ud835\udc2f\ud835\udc22\ud835\udc1c\ud835\udc22\ud835\udc2e\ud835\udc25 \ud835\udc1d\ud835\udc1e \ud835\udc0f\ud835\udc1e\ud835\udc2b\ud835\udc26\ud835\udc1a\ud835\udc27\ud835\udc1e\ud835\udc27\ud835\udc2d\u0326\ud835\udc1a\u0306 la nivelul tuturor institu\u021biilor publice din jude\u021bul Ilfov.<\/p>\n\n\n\n<p><img decoding=\"async\" alt=\"Image removed.\" height=\"16\" src=\"https:\/\/primariachitila.ro\/echitila\/core\/misc\/icons\/e32700\/error.svg\" width=\"16\">\u00cen func\u021bie de \ud835\udc1e\ud835\udc2f\ud835\udc28\ud835\udc25\ud835\udc2e\ud835\udc2d\u0326\ud835\udc22\ud835\udc1a \ud835\udc2c\ud835\udc22\ud835\udc2d\ud835\udc2e\ud835\udc1a\ud835\udc2d\u0326\ud835\udc22\ud835\udc1e\ud835\udc22 \ud835\udc28\ud835\udc29\ud835\udc1e\ud835\udc2b\ud835\udc1a\ud835\udc2d\ud835\udc22\ud835\udc2f\ud835\udc1e, la solicitarea \u0219efului CJCCI, \u0219efii\/conduc\u0103torii institu\u021biilor\/autorit\u0103\u021bilor vor asigura suplimentarea cu personal a Celulei pentru monitorizarea efectelor tipului de risc de temperaturi extreme \u2013 risc asociat \u201d\ud835\udc1c\ud835\udc1a\ud835\udc27\ud835\udc22\ud835\udc1c\ud835\udc2e\ud835\udc25\ud835\udc1a\u0306\u201d \u2013 \ud835\udc02\ud835\udc0e\ud835\udc03 \ud835\udc11\ud835\udc0e\ud835\udc12\u0326\ud835\udc14.<\/p>\n\n\n\n<p><img decoding=\"async\" alt=\"Image removed.\" height=\"16\" src=\"https:\/\/primariachitila.ro\/echitila\/core\/misc\/icons\/e32700\/error.svg\" width=\"16\">\ud835\udc13\ud835\udc1e\ud835\udc26\ud835\udc29\ud835\udc1e\ud835\udc2b\ud835\udc1a\ud835\udc2d\ud835\udc2e\ud835\udc2b\ud835\udc22\ud835\udc25\ud835\udc1e \ud835\udc1e\ud835\udc31\ud835\udc2d\ud835\udc2b\ud835\udc1e\ud835\udc26\ud835\udc1e \ud835\udc29\ud835\udc28\ud835\udc2d \ud835\udc2b\ud835\udc1e\ud835\udc29\ud835\udc2b\ud835\udc1e\ud835\udc33\ud835\udc1e\ud835\udc27\ud835\udc2d\ud835\udc1a \ud835\udc2e\ud835\udc27 \ud835\udc29\ud835\udc1e\ud835\udc2b\ud835\udc22\ud835\udc1c\ud835\udc28\ud835\udc25 \ud835\udc26\ud835\udc1a\ud835\udc23\ud835\udc28\ud835\udc2b pentru s\u0103n\u0103tate, de aceea v\u0103 rug\u0103m s\u0103 respecta\u021bi urm\u0103toarele m\u0103suri de protec\u021bie:<\/p>\n\n\n\n<p>\ud835\udc0b\ud835\udc1a \ud835\udc27\ud835\udc22\ud835\udc2f\ud835\udc1e\ud835\udc25\ud835\udc2e\ud835\udc25 \ud835\udc1a\ud835\udc2e\ud835\udc2d\ud835\udc28\ud835\udc2b\ud835\udc22\ud835\udc2d\ud835\udc1a\u0306\ud835\udc2d\u0326\ud835\udc22\ud835\udc25\ud835\udc28\ud835\udc2b \ud835\udc2c\u0326\ud835\udc22 \ud835\udc22\ud835\udc27\ud835\udc2c\ud835\udc2d\ud835\udc22\ud835\udc2d\ud835\udc2e\ud835\udc2d\u0326\ud835\udc22\ud835\udc22\ud835\udc25\ud835\udc28\ud835\udc2b \ud835\udc29\ud835\udc2e\ud835\udc1b\ud835\udc25\ud835\udc22\ud835\udc1c\ud835\udc1e:<\/p>\n\n\n\n<p>*\ud835\udfcf. \ud835\udc08\ud835\udc27\ud835\udc1f\ud835\udc28\ud835\udc2b\ud835\udc26\ud835\udc1a\ud835\udc2b\ud835\udc1e\ud835\udc1a \ud835\udc2c\u0326\ud835\udc22 \ud835\udc00\ud835\udc2f\ud835\udc1e\ud835\udc2b\ud835\udc2d\ud835\udc22\ud835\udc33\ud835\udc1a\ud835\udc2b\ud835\udc1e\ud835\udc1a \ud835\udc0f\ud835\udc28\ud835\udc29\ud835\udc2e\ud835\udc25\ud835\udc1a\ud835\udc2d\u0326\ud835\udc22\ud835\udc1e\ud835\udc22*<\/p>\n\n\n\n<p><img decoding=\"async\" alt=\"Image removed.\" height=\"16\" src=\"https:\/\/primariachitila.ro\/echitila\/core\/misc\/icons\/e32700\/error.svg\" width=\"16\">\ud835\udc02\ud835\udc1a\ud835\udc26\ud835\udc29\ud835\udc1a\ud835\udc27\ud835\udc22\ud835\udc22 \ud835\udc1d\ud835\udc1e \ud835\udc22\ud835\udc27\ud835\udc1f\ud835\udc28\ud835\udc2b\ud835\udc26\ud835\udc1a\ud835\udc2b\ud835\udc1e: Lansarea unor campanii de informare prin intermediul televiziunii, radio-ului, internetului \u0219i re\u021belelor sociale pentru a alerta popula\u021bia asupra riscurilor asociate caniculei \u0219i pentru a oferi sfaturi practice.<\/p>\n\n\n\n<p>*\ud835\udfd0. \ud835\udc0c\ud835\udc1a\u0306\ud835\udc2c\ud835\udc2e\ud835\udc2b\ud835\udc22 \ud835\udc1d\ud835\udc1e \ud835\udc0f\ud835\udc2b\ud835\udc28\ud835\udc2d\ud835\udc1e\ud835\udc1c\ud835\udc2d\u0326\ud835\udc22\ud835\udc1e \ud835\udc29\ud835\udc1e\ud835\udc27\ud835\udc2d\ud835\udc2b\ud835\udc2e \ud835\udc0f\ud835\udc28\ud835\udc29\ud835\udc2e\ud835\udc25\ud835\udc1a\ud835\udc2d\u0326\ud835\udc22\ud835\udc1e*<\/p>\n\n\n\n<p><img decoding=\"async\" alt=\"Image removed.\" height=\"16\" src=\"https:\/\/primariachitila.ro\/echitila\/core\/misc\/icons\/e32700\/error.svg\" width=\"16\">\ud835\udc02\ud835\udc1e\ud835\udc27\ud835\udc2d\ud835\udc2b\ud835\udc1e \ud835\udc1d\ud835\udc1e \ud835\udc2b\ud835\udc1a\u0306\ud835\udc1c\ud835\udc28\ud835\udc2b\ud835\udc22\ud835\udc2b\ud835\udc1e: Deschiderea unor centre publice cu aer condi\u021bionat (ex: s\u0103li de sport, centre comunitare) unde oamenii pot veni s\u0103 se r\u0103coreasc\u0103.<\/p>\n\n\n\n<p><img decoding=\"async\" alt=\"Image removed.\" height=\"16\" src=\"https:\/\/primariachitila.ro\/echitila\/core\/misc\/icons\/e32700\/error.svg\" width=\"16\">\ud835\udc03\ud835\udc22\ud835\udc2c\ud835\udc2d\ud835\udc2b\ud835\udc22\ud835\udc1b\ud835\udc2e\ud835\udc22\ud835\udc2b\ud835\udc1e\ud835\udc1a \ud835\udc1a\ud835\udc29\ud835\udc1e\ud835\udc22: Organizarea de puncte de distribuire a apei potabile \u00een zonele publice aglomerate.<\/p>\n\n\n\n<p><img decoding=\"async\" alt=\"Image removed.\" height=\"16\" src=\"https:\/\/primariachitila.ro\/echitila\/core\/misc\/icons\/e32700\/error.svg\" width=\"16\">\ud835\udc15\ud835\udc1e\ud835\udc2b\ud835\udc22\ud835\udc1f\ud835\udc22\ud835\udc1c\ud835\udc1a\ud835\udc2b\ud835\udc1e\ud835\udc1a \ud835\udc29\ud835\udc1e\ud835\udc2b\ud835\udc2c\ud835\udc28\ud835\udc1a\ud835\udc27\ud835\udc1e\ud835\udc25\ud835\udc28\ud835\udc2b \ud835\udc2f\ud835\udc2e\ud835\udc25\ud835\udc27\ud835\udc1e\ud835\udc2b\ud835\udc1a\ud835\udc1b\ud835\udc22\ud835\udc25\ud835\udc1e: Mobilizarea asisten\u021bilor sociali pentru a verifica starea de s\u0103n\u0103tate a persoanelor \u00een v\u00e2rst\u0103, bolnavilor cronici \u0219i persoanelor f\u0103r\u0103 ad\u0103post.<\/p>\n\n\n\n<p>*\ud835\udfd1. \ud835\udc0c\ud835\udc1a\u0306\ud835\udc2c\ud835\udc2e\ud835\udc2b\ud835\udc22 \ud835\udc29\ud835\udc1e\ud835\udc27\ud835\udc2d\ud835\udc2b\ud835\udc2e \ud835\udc12\ud835\udc22\ud835\udc20\ud835\udc2e\ud835\udc2b\ud835\udc1a\ud835\udc27\ud835\udc2d\u0326\ud835\udc1a \ud835\udc25\ud835\udc1a \ud835\udc0b\ud835\udc28\ud835\udc1c\ud835\udc2e\ud835\udc25 \ud835\udc1d\ud835\udc1e \ud835\udc0c\ud835\udc2e\ud835\udc27\ud835\udc1c\ud835\udc1a\u0306*<\/p>\n\n\n\n<p><img decoding=\"async\" alt=\"Image removed.\" height=\"16\" src=\"https:\/\/primariachitila.ro\/echitila\/core\/misc\/icons\/e32700\/error.svg\" width=\"16\">\ud835\udc11\ud835\udc1e\ud835\udc1d\ud835\udc2e\ud835\udc1c\ud835\udc1e\ud835\udc2b\ud835\udc1e\ud835\udc1a \ud835\udc29\ud835\udc2b\ud835\udc28\ud835\udc20\ud835\udc2b\ud835\udc1a\ud835\udc26\ud835\udc2e\ud835\udc25\ud835\udc2e\ud835\udc22 \ud835\udc1d\ud835\udc1e \ud835\udc25\ud835\udc2e\ud835\udc1c\ud835\udc2b\ud835\udc2e: Limitarea sau ajustarea programului de lucru pentru angaja\u021bii care muncesc \u00een aer liber (ex: muncitori \u00een construc\u021bii).<\/p>\n\n\n\n<p><img decoding=\"async\" alt=\"Image removed.\" height=\"16\" src=\"https:\/\/primariachitila.ro\/echitila\/core\/misc\/icons\/e32700\/error.svg\" width=\"16\">\ud835\udc0f\ud835\udc1a\ud835\udc2e\ud835\udc33\ud835\udc1e \ud835\udc26\ud835\udc1a\ud835\udc22 \ud835\udc1d\ud835\udc1e\ud835\udc2c\ud835\udc1e: Asigurarea unor pauze mai frecvente \u0219i a unor locuri umbrite sau cu aer condi\u021bionat pentru muncitori.<\/p>\n\n\n\n<p><img decoding=\"async\" alt=\"Image removed.\" height=\"16\" src=\"https:\/\/primariachitila.ro\/echitila\/core\/misc\/icons\/e32700\/error.svg\" width=\"16\">\ud835\udc04\ud835\udc1c\ud835\udc21\ud835\udc22\ud835\udc29\ud835\udc1a\ud835\udc26\ud835\udc1e\ud835\udc27\ud835\udc2d \ud835\udc1a\ud835\udc1d\ud835\udc1e\ud835\udc1c\ud835\udc2f\ud835\udc1a\ud835\udc2d: Asigurarea echipamentului de protec\u021bie \u00eempotriva c\u0103ldurii (ex: haine u\u0219oare, p\u0103l\u0103rii, ochelari de soare).<\/p>\n\n\n\n<p>*\ud835\udfd2. \ud835\udc0c\ud835\udc1a\u0306\ud835\udc2c\ud835\udc2e\ud835\udc2b\ud835\udc22 \ud835\udc29\ud835\udc1e\ud835\udc27\ud835\udc2d\ud835\udc2b\ud835\udc2e \ud835\udc13\ud835\udc2b\ud835\udc1a\ud835\udc27\ud835\udc2c\ud835\udc29\ud835\udc28\ud835\udc2b\ud835\udc2d\ud835\udc2e\ud835\udc25 \ud835\udc0f\ud835\udc2e\ud835\udc1b\ud835\udc25\ud835\udc22\ud835\udc1c*<\/p>\n\n\n\n<p><img decoding=\"async\" alt=\"Image removed.\" height=\"16\" src=\"https:\/\/primariachitila.ro\/echitila\/core\/misc\/icons\/e32700\/error.svg\" width=\"16\">\ud835\udc00\ud835\udc2e\ud835\udc2d\ud835\udc28\ud835\udc1b\ud835\udc2e\ud835\udc33\ud835\udc1e \ud835\udc1c\ud835\udc25\ud835\udc22\ud835\udc26\ud835\udc1a\ud835\udc2d\ud835\udc22\ud835\udc33\ud835\udc1a\ud835\udc2d\ud835\udc1e: Asigurarea c\u0103 autobuzele \u0219i alte mijloace de transport public sunt dotate cu aer condi\u021bionat \u0219i func\u021bioneaz\u0103 corect.<\/p>\n\n\n\n<p><img decoding=\"async\" alt=\"Image removed.\" height=\"16\" src=\"https:\/\/primariachitila.ro\/echitila\/core\/misc\/icons\/e32700\/error.svg\" width=\"16\">\ud835\udc13\ud835\udc2b\ud835\udc1a\ud835\udc27\ud835\udc2c\ud835\udc29\ud835\udc28\ud835\udc2b\ud835\udc2d \ud835\udc20\ud835\udc2b\ud835\udc1a\ud835\udc2d\ud835\udc2e\ud835\udc22\ud835\udc2d: Oferirea de transport gratuit c\u0103tre centrele de r\u0103corire pentru persoanele f\u0103r\u0103 posibilit\u0103\u021bi.<\/p>\n\n\n\n<p>*\ud835\udfd3. \ud835\udc0c\ud835\udc1a\u0306\ud835\udc2c\ud835\udc2e\ud835\udc2b\ud835\udc22 \ud835\udc22\u0302\ud835\udc27 \ud835\udc12\ud835\udc1a\u0306\ud835\udc27\ud835\udc1a\u0306\ud835\udc2d\ud835\udc1a\ud835\udc2d\ud835\udc1e \ud835\udc0f\ud835\udc2e\ud835\udc1b\ud835\udc25\ud835\udc22\ud835\udc1c\ud835\udc1a\u0306*<\/p>\n\n\n\n<p><img decoding=\"async\" alt=\"Image removed.\" height=\"16\" src=\"https:\/\/primariachitila.ro\/echitila\/core\/misc\/icons\/e32700\/error.svg\" width=\"16\">\ud835\udc04\ud835\udc1c\ud835\udc21\ud835\udc22\ud835\udc29\ud835\udc1a\ud835\udc2b\ud835\udc1e\ud835\udc1a \ud835\udc2c\ud835\udc29\ud835\udc22\ud835\udc2d\ud835\udc1a\ud835\udc25\ud835\udc1e\ud835\udc25\ud835\udc28\ud835\udc2b: Asigurarea c\u0103 spitalele \u0219i centrele de urgen\u021b\u0103 sunt preg\u0103tite pentru un num\u0103r crescut de pacien\u021bi afecta\u021bi de canicul\u0103.<\/p>\n\n\n\n<p><img decoding=\"async\" alt=\"Image removed.\" height=\"16\" src=\"https:\/\/primariachitila.ro\/echitila\/core\/misc\/icons\/e32700\/error.svg\" width=\"16\">\ud835\udc02\ud835\udc28\ud835\udc27\ud835\udc2c\ud835\udc22\ud835\udc25\ud835\udc22\ud835\udc1e\ud835\udc2b\ud835\udc1e \ud835\udc26\ud835\udc1e\ud835\udc1d\ud835\udc22\ud835\udc1c\ud835\udc1a\ud835\udc25\ud835\udc1a\u0306: Implementarea unor linii telefonice de consiliere medical\u0103 pentru sfaturi rapide \u0219i prevenirea cazurilor de insola\u021bie sau alte probleme de s\u0103n\u0103tate legate de c\u0103ldur\u0103.<\/p>\n\n\n\n<p>\ud835\udc0b\ud835\udc1a \ud835\udc27\ud835\udc22\ud835\udc2f\ud835\udc1e\ud835\udc25\ud835\udc2e\ud835\udc25 \ud835\udc29\ud835\udc28\ud835\udc29\ud835\udc2e\ud835\udc25\ud835\udc1a\ud835\udc2d\u0326\ud835\udc22\ud835\udc1e\ud835\udc22:<\/p>\n\n\n\n<p>\ud835\udfcf. *\ud835\udc07\ud835\udc22\ud835\udc1d\ud835\udc2b\ud835\udc1a\ud835\udc2d\ud835\udc1a\ud835\udc2b\ud835\udc1e \ud835\udc00\ud835\udc1d\ud835\udc1e\ud835\udc1c\ud835\udc2f\ud835\udc1a\ud835\udc2d\ud835\udc1a\u0306*: Consuma\u021bi cel pu\u021bin 2-3 litri de ap\u0103 pe zi. Evita\u021bi b\u0103uturile alcoolice \u0219i cele cu con\u021binut ridicat de zah\u0103r.<\/p>\n\n\n\n<p>\ud835\udfd0. *\ud835\udc04\ud835\udc2f\ud835\udc22\ud835\udc2d\ud835\udc1a\ud835\udc2d\u0326\ud835\udc22 \ud835\udc04\ud835\udc31\ud835\udc29\ud835\udc2e\ud835\udc27\ud835\udc1e\ud835\udc2b\ud835\udc1e\ud835\udc1a \ud835\udc25\ud835\udc1a \ud835\udc12\ud835\udc28\ud835\udc1a\ud835\udc2b\ud835\udc1e*: \u00cencerca\u021bi s\u0103 nu ie\u0219i\u021bi din cas\u0103 \u00eentre orele 11:00 \u0219i 18:00. Dac\u0103 trebuie s\u0103 ie\u0219i\u021bi, purta\u021bi haine lejere, de culoare deschis\u0103, \u0219i p\u0103l\u0103rii de soare.<\/p>\n\n\n\n<p>\ud835\udfd1. *\ud835\udc0b\ud835\udc28\ud835\udc1c\ud835\udc2e\ud835\udc2b\ud835\udc22 \ud835\udc11\ud835\udc1a\u0306\ud835\udc1c\ud835\udc28\ud835\udc2b\ud835\udc28\ud835\udc1a\ud835\udc2c\ud835\udc1e*: Sta\u021bi \u00een locuri r\u0103coroase, umbrite \u0219i bine ventilate. Utiliza\u021bi aerul condi\u021bionat dac\u0103 ave\u021bi posibilitatea.<\/p>\n\n\n\n<p>\ud835\udfd2. *\ud835\udc00\ud835\udc25\ud835\udc22\ud835\udc26\ud835\udc1e\ud835\udc27\ud835\udc2d\ud835\udc1a\ud835\udc2d\u0326\ud835\udc22\ud835\udc1e*: Consuma\u021bi fructe \u0219i legume proaspete. Evita\u021bi m\u00e2nc\u0103rurile grele \u0219i fierbin\u021bi.<\/p>\n\n\n\n<p>\ud835\udfd3. *\ud835\udc00\ud835\udc23\ud835\udc2e\ud835\udc2d\ud835\udc1a\ud835\udc2d\u0326\ud835\udc22 \ud835\udc0f\ud835\udc1e\ud835\udc2b\ud835\udc2c\ud835\udc28\ud835\udc1a\ud835\udc27\ud835\udc1e\ud835\udc25\ud835\udc1e \ud835\udc15\ud835\udc2e\ud835\udc25\ud835\udc27\ud835\udc1e\ud835\udc2b\ud835\udc1a\ud835\udc1b\ud835\udc22\ud835\udc25\ud835\udc1e*: Verifica\u021bi periodic starea de s\u0103n\u0103tate a copiilor, v\u00e2rstnicilor \u0219i persoanelor cu afec\u021biuni cronice. Asigura\u021bi-v\u0103 c\u0103 au ap\u0103 \u0219i sunt \u00eentr-un loc r\u0103coros.<\/p>\n\n\n\n<p>\ud835\udfd4. *\ud835\udc00\ud835\udc27\ud835\udc22\ud835\udc26\ud835\udc1a\ud835\udc25\ud835\udc1e \ud835\udc1d\ud835\udc1e \ud835\udc02\ud835\udc28\ud835\udc26\ud835\udc29\ud835\udc1a\ud835\udc27\ud835\udc22\ud835\udc1e*: Asigura\u021bi-v\u0103 c\u0103 animalele de companie au acces la ap\u0103 proasp\u0103t\u0103 \u0219i umbr\u0103.<\/p>\n\n\n\n<p>\ud835\udfd5. *\ud835\udc12\ud835\udc1e\ud835\udc2b\ud835\udc2f\ud835\udc22\ud835\udc1c\ud835\udc22\ud835\udc22 \ud835\udc0c\ud835\udc1e\ud835\udc1d\ud835\udc22\ud835\udc1c\ud835\udc1a\ud835\udc25\ud835\udc1e*: \u00cen caz de urgen\u021b\u0103, apela\u021bi 112. Pentru simptome de insola\u021bie (dureri de cap, ame\u021beli, grea\u021b\u0103), c\u0103uta\u021bi imediat ajutor medical.<\/p>\n\n\n\n<p>Pentru \ud835\udc2c\ud835\udc22\ud835\udc20\ud835\udc2e\ud835\udc2b\ud835\udc1a\ud835\udc27\ud835\udc2d\u0326\ud835\udc1a \ud835\udc1d\ud835\udc2e\ud835\udc26\ud835\udc27\ud835\udc1e\ud835\udc1a\ud835\udc2f\ud835\udc28\ud835\udc1a\ud835\udc2c\ud835\udc2d\ud835\udc2b\ud835\udc1a\u0306 \u0219i a celor dragi, \ud835\udc2b\ud835\udc1e\ud835\udc2c\ud835\udc29\ud835\udc1e\ud835\udc1c\ud835\udc2d\ud835\udc1a\ud835\udc2d\u0326\ud835\udc22 aceste m\u0103suri \u0219i informa\u021bi-v\u0103 din \ud835\udc2c\ud835\udc2e\ud835\udc2b\ud835\udc2c\ud835\udc1e \ud835\udc28\ud835\udc1f\ud835\udc22\ud835\udc1c\ud835\udc22\ud835\udc1a\ud835\udc25\ud835\udc1e.<\/p>\n\n\n\n<p>\ud835\udc0d\ud835\udc1e \ud835\udc1d\ud835\udc28\ud835\udc2b\ud835\udc22\ud835\udc26 \ud835\udc2c\ud835\udc1a\u0306 \ud835\udc2d\ud835\udc2b\ud835\udc1e\ud835\udc1c\ud835\udc1e\ud835\udc26 \ud835\udc1c\ud835\udc2e \ud835\udc1b\ud835\udc22\ud835\udc27\ud835\udc1e \ud835\udc29\ud835\udc1e\ud835\udc2c\ud835\udc2d\ud835\udc1e \ud835\udc1a\ud835\udc1c\ud835\udc1e\ud835\udc1a\ud835\udc2c\ud835\udc2d\ud835\udc1a\u0306 \ud835\udc29\ud835\udc1e\ud835\udc2b\ud835\udc22\ud835\udc28\ud835\udc1a\ud835\udc1d\ud835\udc1a\u0306 \ud835\udc1d\ud835\udc22\ud835\udc1f\ud835\udc22\ud835\udc1c\ud835\udc22\ud835\udc25\ud835\udc1a\u0306!&nbsp;<img decoding=\"async\" alt=\"Image removed.\" height=\"16\" src=\"https:\/\/primariachitila.ro\/echitila\/core\/misc\/icons\/e32700\/error.svg\" width=\"16\"><\/p>\n\n\n\n<p>\ud835\udc15\ud835\udc1a\u0306 \ud835\udc26\ud835\udc2e\ud835\udc25\ud835\udc2d\u0326\ud835\udc2e\ud835\udc26\ud835\udc22\ud835\udc26 \ud835\udc29\ud835\udc1e\ud835\udc27\ud835\udc2d\ud835\udc2b\ud835\udc2e \ud835\udc1c\ud835\udc28\ud835\udc28\ud835\udc29\ud835\udc1e\ud835\udc2b\ud835\udc1a\ud835\udc2b\ud835\udc1e \ud835\udc2c\u0326\ud835\udc22 \ud835\udc2f\ud835\udc1a\u0306 \ud835\udc1d\ud835\udc28\ud835\udc2b\ud835\udc22\ud835\udc26 \ud835\udc26\ud835\udc2e\ud835\udc25\ud835\udc2d\ud835\udc1a\u0306 \ud835\udc2c\ud835\udc1a\u0306\ud835\udc27\ud835\udc1a\u0306\ud835\udc2d\ud835\udc1a\ud835\udc2d\ud835\udc1e!<\/p>\n\n\n\n<p>\ud835\udc0f\ud835\udc2b\ud835\udc1e\ud835\udc2c\u0326\ud835\udc1e\ud835\udc1d\ud835\udc22\ud835\udc27\ud835\udc2d\ud835\udc1e\ud835\udc25\ud835\udc1e \ud835\udc02\ud835\udc28\ud835\udc26\ud835\udc22\ud835\udc2d\ud835\udc1e\ud835\udc2d\ud835\udc2e\ud835\udc25\ud835\udc2e\ud835\udc22 \ud835\udc09\ud835\udc2e\ud835\udc1d\ud835\udc1e\ud835\udc2d\u0326\ud835\udc1e\ud835\udc1a\ud835\udc27 \ud835\udc29\ud835\udc1e\ud835\udc27\ud835\udc2d\ud835\udc2b\ud835\udc2e \ud835\udc12\ud835\udc22\ud835\udc2d\ud835\udc2e\ud835\udc1a\ud835\udc2d\u0326\ud835\udc22\ud835\udc22 \ud835\udc1d\ud835\udc1e \ud835\udc14\ud835\udc2b\ud835\udc20\ud835\udc1e\ud835\udc27\ud835\udc2d\u0326\ud835\udc1a\u0306<\/p>\n\n\n\n<p>\ud835\udc0f\ud835\udc2b\ud835\udc1e\ud835\udc1f\ud835\udc1e\ud835\udc1c\ud835\udc2d<\/p>\n\n\n\n<p>\ud835\udc12\ud835\udc22\ud835\udc26\ud835\udc28\ud835\udc27\ud835\udc1a \ud835\udc0d\ud835\udc04\ud835\udc02\ud835\udc14\ud835\udc0b\ud835\udc00\ud835\udc04<\/p>\n","protected":false},"excerpt":{"rendered":"<p>\u00cen data de 11.07.2024, la sediul \ud835\udc08\ud835\udc27\ud835\udc2c\ud835\udc2d\ud835\udc22\ud835\udc2d\ud835\udc2e\ud835\udc2d\u0326\ud835\udc22\ud835\udc1e\ud835\udc22 \ud835\udc0f\ud835\udc2b\ud835\udc1e\ud835\udc1f\ud835\udc1e\ud835\udc1c\ud835\udc2d\ud835\udc2e\ud835\udc25\ud835\udc2e\ud835\udc22 \ud835\udc09\ud835\udc2e\ud835\udc1d\ud835\udc1e\ud835\udc2d\u0326 \ud835\udc08\ud835\udc25\ud835\udc1f\ud835\udc28\ud835\udc2f a avut loc \u0219edin\u021ba extraordinar\u0103 a \ud835\udc02\ud835\udc28\ud835\udc26\ud835\udc22\ud835\udc2d\ud835\udc1e\ud835\udc2d\ud835\udc2e\ud835\udc25\ud835\udc2e\ud835\udc22 \ud835\udc09\ud835\udc2e\ud835\udc1d\ud835\udc1e\ud835\udc2d\u0326\ud835\udc1e\ud835\udc1a\ud835\udc27 \ud835\udc29\ud835\udc1e\ud835\udc27\ud835\udc2d\ud835\udc2b\ud835\udc2e \ud835\udc12\ud835\udc22\ud835\udc2d\ud835\udc2e\ud835\udc1a\ud835\udc2d\u0326\ud835\udc22\ud835\udc22 \ud835\udc1d\ud835\udc1e \ud835\udc14\ud835\udc2b\ud835\udc20\ud835\udc1e\ud835\udc27\ud835\udc2d\u0326\ud835\udc1a\u0306, convocat\u0103 de \ud835\udc0f\ud835\udc2b\ud835\udc1e\ud835\udc1f\ud835\udc1e\ud835\udc1c\ud835\udc2d\ud835\udc2e\ud835\udc25 \ud835\udc23\ud835\udc2e\ud835\udc1d\ud835\udc1e\ud835\udc2d\u0326\ud835\udc2e\ud835\udc25\ud835\udc2e\ud835\udc22 \ud835\udc08\ud835\udc25\ud835\udc1f\ud835\udc28\ud835\udc2f \u2013 \ud835\udc1d\ud835\udc28\ud835\udc1a\ud835\udc26\ud835\udc27\ud835\udc1a \ud835\udc12\ud835\udc22\ud835\udc26\ud835\udc28\ud835\udc27\ud835\udc1a \ud835\udc0d\ud835\udc04\ud835\udc02\ud835\udc14\ud835\udc0b\ud835\udc00\ud835\udc04 &#8211; ca urmare a avertiz\u0103rilor de cod portocaliu \u0219i cod ro\u0219u de temperaturi ridicate (canicul\u0103). \u00cen cadrul \u0219edin\u021bei au fost adoptate Hot\u0103r\u00e2rile nr. 5 [&hellip;]<\/p>\n","protected":false},"author":6,"featured_media":26774,"comment_status":"open","ping_status":"closed","sticky":false,"template":"","format":"standard","meta":{"footnotes":""},"categories":[130],"tags":[],"class_list":["post-26939","post","type-post","status-publish","format-standard","has-post-thumbnail","hentry","category-stiri"],"_links":{"self":[{"href":"https:\/\/primariachitila.ro\/new\/wp-json\/wp\/v2\/posts\/26939","targetHints":{"allow":["GET"]}}],"collection":[{"href":"https:\/\/primariachitila.ro\/new\/wp-json\/wp\/v2\/posts"}],"about":[{"href":"https:\/\/primariachitila.ro\/new\/wp-json\/wp\/v2\/types\/post"}],"author":[{"embeddable":true,"href":"https:\/\/primariachitila.ro\/new\/wp-json\/wp\/v2\/users\/6"}],"replies":[{"embeddable":true,"href":"https:\/\/primariachitila.ro\/new\/wp-json\/wp\/v2\/comments?post=26939"}],"version-history":[{"count":1,"href":"https:\/\/primariachitila.ro\/new\/wp-json\/wp\/v2\/posts\/26939\/revisions"}],"predecessor-version":[{"id":26940,"href":"https:\/\/primariachitila.ro\/new\/wp-json\/wp\/v2\/posts\/26939\/revisions\/26940"}],"wp:featuredmedia":[{"embeddable":true,"href":"https:\/\/primariachitila.ro\/new\/wp-json\/wp\/v2\/media\/26774"}],"wp:attachment":[{"href":"https:\/\/primariachitila.ro\/new\/wp-json\/wp\/v2\/media?parent=26939"}],"wp:term":[{"taxonomy":"category","embeddable":true,"href":"https:\/\/primariachitila.ro\/new\/wp-json\/wp\/v2\/categories?post=26939"},{"taxonomy":"post_tag","embeddable":true,"href":"https:\/\/primariachitila.ro\/new\/wp-json\/wp\/v2\/tags?post=26939"}],"curies":[{"name":"wp","href":"https:\/\/api.w.org\/{rel}","templated":true}]}}