{"id":26946,"date":"2024-07-10T10:14:00","date_gmt":"2024-07-10T10:14:00","guid":{"rendered":"https:\/\/primariachitila.ro\/new\/?p=26946"},"modified":"2025-11-18T07:14:31","modified_gmt":"2025-11-18T07:14:31","slug":"noul-centru-medical-chitila-va-functiona-cu-18-specialitati-medicale-clinice-si-doua-paraclinice","status":"publish","type":"post","link":"https:\/\/primariachitila.ro\/new\/2024\/07\/10\/noul-centru-medical-chitila-va-functiona-cu-18-specialitati-medicale-clinice-si-doua-paraclinice\/","title":{"rendered":"Noul Centru Medical Chitila va func\u021biona cu 18 specialit\u0103\u021bi medicale clinice \u015fi dou\u0103 paraclinice"},"content":{"rendered":"\n<p>\u00cen cadrul Centrului Medical Ambulatoriu Chitila vor func\u021biona 20 de specialit\u0103\u021bi medicale din care 18 clinice. Astfel, multe dintre problemele de s\u0103n\u0103tate cu care se confrunt\u0103 locuitorii din Chitila \u0219i localit\u0103\u021bile limitrofe vor putea fi investigate f\u0103r\u0103 disconfortul deplas\u0103rii \u00eentr-o unitate spitaliceasc\u0103 din Capital\u0103.<\/p>\n\n\n\n<p><br>Personalul medical va fi asigurat de Spitalul Universitar de Urgen\u021b\u0103 Bucure\u0219ti care a demarat \u00een luna iunie procedura de selec\u021bie a personalului.<br>Centrul Medical Chitila, format dintr-un corp de cl\u0103dire P+1E, cu o suprafa\u021b\u0103 construita desf\u0103\u0219urat\u0103 de 1458 mp, va func\u021biona ca ambulatoriu integrat al Spitalului Universitar de Urgen\u021b\u0103 Bucure\u0219ti, \u00een baza unui protocol semnat \u00eentre Prim\u0103ria Chitila \u0219i SUUB.<\/p>\n\n\n\n<p><br>Proiectul, demarat de Prim\u0103ria Chitila, finan\u021bat prin Planul Na\u021bional de Redresare \u0219i Rezilien\u021b\u0103, se afl\u0103 \u00een faza final\u0103, fiind livrate echipamentele medicale \u0219i mobilierul necesar dot\u0103rii cl\u0103dirii.<\/p>\n","protected":false},"excerpt":{"rendered":"<p>\u00cen cadrul Centrului Medical Ambulatoriu Chitila vor func\u021biona 20 de specialit\u0103\u021bi medicale din care 18 clinice. Astfel, multe dintre problemele de s\u0103n\u0103tate cu care se confrunt\u0103 locuitorii din Chitila \u0219i localit\u0103\u021bile limitrofe vor putea fi investigate f\u0103r\u0103 disconfortul deplas\u0103rii \u00eentr-o unitate spitaliceasc\u0103 din Capital\u0103. Personalul medical va fi asigurat de Spitalul Universitar de Urgen\u021b\u0103 Bucure\u0219ti [&hellip;]<\/p>\n","protected":false},"author":6,"featured_media":26947,"comment_status":"open","ping_status":"closed","sticky":false,"template":"","format":"standard","meta":{"footnotes":""},"categories":[130],"tags":[],"class_list":["post-26946","post","type-post","status-publish","format-standard","has-post-thumbnail","hentry","category-stiri"],"_links":{"self":[{"href":"https:\/\/primariachitila.ro\/new\/wp-json\/wp\/v2\/posts\/26946","targetHints":{"allow":["GET"]}}],"collection":[{"href":"https:\/\/primariachitila.ro\/new\/wp-json\/wp\/v2\/posts"}],"about":[{"href":"https:\/\/primariachitila.ro\/new\/wp-json\/wp\/v2\/types\/post"}],"author":[{"embeddable":true,"href":"https:\/\/primariachitila.ro\/new\/wp-json\/wp\/v2\/users\/6"}],"replies":[{"embeddable":true,"href":"https:\/\/primariachitila.ro\/new\/wp-json\/wp\/v2\/comments?post=26946"}],"version-history":[{"count":1,"href":"https:\/\/primariachitila.ro\/new\/wp-json\/wp\/v2\/posts\/26946\/revisions"}],"predecessor-version":[{"id":26948,"href":"https:\/\/primariachitila.ro\/new\/wp-json\/wp\/v2\/posts\/26946\/revisions\/26948"}],"wp:featuredmedia":[{"embeddable":true,"href":"https:\/\/primariachitila.ro\/new\/wp-json\/wp\/v2\/media\/26947"}],"wp:attachment":[{"href":"https:\/\/primariachitila.ro\/new\/wp-json\/wp\/v2\/media?parent=26946"}],"wp:term":[{"taxonomy":"category","embeddable":true,"href":"https:\/\/primariachitila.ro\/new\/wp-json\/wp\/v2\/categories?post=26946"},{"taxonomy":"post_tag","embeddable":true,"href":"https:\/\/primariachitila.ro\/new\/wp-json\/wp\/v2\/tags?post=26946"}],"curies":[{"name":"wp","href":"https:\/\/api.w.org\/{rel}","templated":true}]}}