{"id":26965,"date":"2024-06-13T10:18:00","date_gmt":"2024-06-13T10:18:00","guid":{"rendered":"https:\/\/primariachitila.ro\/new\/?p=26965"},"modified":"2025-11-18T07:14:31","modified_gmt":"2025-11-18T07:14:31","slug":"intreruperi-programate","status":"publish","type":"post","link":"https:\/\/primariachitila.ro\/new\/2024\/06\/13\/intreruperi-programate\/","title":{"rendered":"\u00centreruperi programate"},"content":{"rendered":"\n<p>Re\u021bele Electrice Muntenia a redus pe c\u00e2t posibil num\u0103rul \u00eentreruperilor programate pentru buna administrare \u0219i func\u021bionare a re\u021belei de distribu\u021bie a energiei electrice, &nbsp;&nbsp;pentru a minimiza disconfortul clien\u021bilor. Lucr\u0103rile au fost reduse la cele care sunt necesare. Regret\u0103m nepl\u0103cerile resim\u021bite de clien\u021bi \u00een cazurile \u00een care aceste lucr\u0103ri, &nbsp;efectuate pentru a preveni eventuale probleme \u00een alimentare, &nbsp;&nbsp;perturb\u0103 temporar activit\u0103\u021bile acestora.<\/p>\n\n\n\n<p>Urm\u0103toarele \u00eentreruperi se vor realiza pentru a asigura capacitatea re\u021belei de a func\u021biona \u0219i alimenta clien\u021bii \u00een bune condi\u021bii.<\/p>\n\n\n\n<div class=\"wp-block-file\"><a id=\"wp-block-file--media-17b0cbef-6489-4086-a055-508b65db8560\" href=\"https:\/\/primariachitila.ro\/new\/wp-content\/uploads\/2025\/11\/Intreruperi-programate-pentru-revizii-si-reparatii-Retele-Electrice-Muntenia-13-16-iunie-2024.docx\">\u00centreruperi programate pentru revizii \u0219i repara\u021bii &#8211; Re\u021bele Electrice Muntenia &#8211; 13 &#8211; 16  iunie 2024<\/a><a href=\"https:\/\/primariachitila.ro\/new\/wp-content\/uploads\/2025\/11\/Intreruperi-programate-pentru-revizii-si-reparatii-Retele-Electrice-Muntenia-13-16-iunie-2024.docx\" class=\"wp-block-file__button wp-element-button\" download aria-describedby=\"wp-block-file--media-17b0cbef-6489-4086-a055-508b65db8560\">Descarc\u0103<\/a><\/div>\n\n\n\n<p><\/p>\n","protected":false},"excerpt":{"rendered":"<p>Re\u021bele Electrice Muntenia a redus pe c\u00e2t posibil num\u0103rul \u00eentreruperilor programate pentru buna administrare \u0219i func\u021bionare a re\u021belei de distribu\u021bie a energiei electrice, &nbsp;&nbsp;pentru a minimiza disconfortul clien\u021bilor. Lucr\u0103rile au fost reduse la cele care sunt necesare. Regret\u0103m nepl\u0103cerile resim\u021bite de clien\u021bi \u00een cazurile \u00een care aceste lucr\u0103ri, &nbsp;efectuate pentru a preveni eventuale probleme \u00een [&hellip;]<\/p>\n","protected":false},"author":6,"featured_media":26774,"comment_status":"open","ping_status":"closed","sticky":false,"template":"","format":"standard","meta":{"footnotes":""},"categories":[130],"tags":[],"class_list":["post-26965","post","type-post","status-publish","format-standard","has-post-thumbnail","hentry","category-stiri"],"_links":{"self":[{"href":"https:\/\/primariachitila.ro\/new\/wp-json\/wp\/v2\/posts\/26965","targetHints":{"allow":["GET"]}}],"collection":[{"href":"https:\/\/primariachitila.ro\/new\/wp-json\/wp\/v2\/posts"}],"about":[{"href":"https:\/\/primariachitila.ro\/new\/wp-json\/wp\/v2\/types\/post"}],"author":[{"embeddable":true,"href":"https:\/\/primariachitila.ro\/new\/wp-json\/wp\/v2\/users\/6"}],"replies":[{"embeddable":true,"href":"https:\/\/primariachitila.ro\/new\/wp-json\/wp\/v2\/comments?post=26965"}],"version-history":[{"count":1,"href":"https:\/\/primariachitila.ro\/new\/wp-json\/wp\/v2\/posts\/26965\/revisions"}],"predecessor-version":[{"id":26967,"href":"https:\/\/primariachitila.ro\/new\/wp-json\/wp\/v2\/posts\/26965\/revisions\/26967"}],"wp:featuredmedia":[{"embeddable":true,"href":"https:\/\/primariachitila.ro\/new\/wp-json\/wp\/v2\/media\/26774"}],"wp:attachment":[{"href":"https:\/\/primariachitila.ro\/new\/wp-json\/wp\/v2\/media?parent=26965"}],"wp:term":[{"taxonomy":"category","embeddable":true,"href":"https:\/\/primariachitila.ro\/new\/wp-json\/wp\/v2\/categories?post=26965"},{"taxonomy":"post_tag","embeddable":true,"href":"https:\/\/primariachitila.ro\/new\/wp-json\/wp\/v2\/tags?post=26965"}],"curies":[{"name":"wp","href":"https:\/\/api.w.org\/{rel}","templated":true}]}}