{"id":26982,"date":"2024-05-21T10:23:00","date_gmt":"2024-05-21T10:23:00","guid":{"rendered":"https:\/\/primariachitila.ro\/new\/?p=26982"},"modified":"2025-11-18T07:14:39","modified_gmt":"2025-11-18T07:14:39","slug":"echipamente-it-de-ultima-generatie-pentru-prescolarii-si-elevii-din-chitila","status":"publish","type":"post","link":"https:\/\/primariachitila.ro\/new\/2024\/05\/21\/echipamente-it-de-ultima-generatie-pentru-prescolarii-si-elevii-din-chitila\/","title":{"rendered":"Echipamente IT de ultim\u0103 genera\u021bie pentru pre\u0219colarii \u0219i elevii din Chitila"},"content":{"rendered":"\n<p>19 s\u0103li de clas\u0103 pentru pre\u0219colari \u0219i 46 de s\u0103li de clas\u0103 pentru elevi vor fi dotate cu echipamente IT noi prin proiectul \u201eEduTech Chitila: Un mediu educativ modern\u201d, finan\u021bat prin Planul Na\u021bional de Redresare \u0219i Rezilien\u021b\u0103 (PNRR).<br>Prin acela\u0219i proiect se creaz\u0103 un laborator de informatic\u0103 pentru 20 de pre\u0219colari, iar un laborator de informatic\u0103 pentru 30 de elevi va fi modernizat prin \u00eenlocuirea integral\u0103 a echipamentelor TIC.<\/p>\n\n\n\n<p><br>\u201dProiectul avea termen de finalizare decembrie 2024 dar ne-am dorit s\u0103 finaliz\u0103m achizi\u021biile mai repede pentru a le oferi copiilor no\u0219tri posibilitatea de a intra \u00een noul an \u0219colar \u00een clase \u0219i laboratoare noi.Prin implementarea acestui proiect, urm\u0103rim s\u0103 dot\u0103m unit\u0103\u021bile de \u00eenv\u0103\u021b\u0103m\u00e2nt cu echipamente de ultim\u0103 genera\u021bie pentru a crea un mediu educa\u021bional modern \u0219i incluziv\u201d, afirm\u0103 Emilian OPREA, primarul ora\u0219ului Chitila.<\/p>\n\n\n\n<p>#Educatie#dot\u0103riIT#Laboratoare#Chitila<\/p>\n\n\n\n<p><\/p>\n","protected":false},"excerpt":{"rendered":"<p>19 s\u0103li de clas\u0103 pentru pre\u0219colari \u0219i 46 de s\u0103li de clas\u0103 pentru elevi vor fi dotate cu echipamente IT noi prin proiectul \u201eEduTech Chitila: Un mediu educativ modern\u201d, finan\u021bat prin Planul Na\u021bional de Redresare \u0219i Rezilien\u021b\u0103 (PNRR).Prin acela\u0219i proiect se creaz\u0103 un laborator de informatic\u0103 pentru 20 de pre\u0219colari, iar un laborator de informatic\u0103 [&hellip;]<\/p>\n","protected":false},"author":6,"featured_media":26983,"comment_status":"open","ping_status":"closed","sticky":false,"template":"","format":"standard","meta":{"footnotes":""},"categories":[130],"tags":[],"class_list":["post-26982","post","type-post","status-publish","format-standard","has-post-thumbnail","hentry","category-stiri"],"_links":{"self":[{"href":"https:\/\/primariachitila.ro\/new\/wp-json\/wp\/v2\/posts\/26982","targetHints":{"allow":["GET"]}}],"collection":[{"href":"https:\/\/primariachitila.ro\/new\/wp-json\/wp\/v2\/posts"}],"about":[{"href":"https:\/\/primariachitila.ro\/new\/wp-json\/wp\/v2\/types\/post"}],"author":[{"embeddable":true,"href":"https:\/\/primariachitila.ro\/new\/wp-json\/wp\/v2\/users\/6"}],"replies":[{"embeddable":true,"href":"https:\/\/primariachitila.ro\/new\/wp-json\/wp\/v2\/comments?post=26982"}],"version-history":[{"count":1,"href":"https:\/\/primariachitila.ro\/new\/wp-json\/wp\/v2\/posts\/26982\/revisions"}],"predecessor-version":[{"id":26984,"href":"https:\/\/primariachitila.ro\/new\/wp-json\/wp\/v2\/posts\/26982\/revisions\/26984"}],"wp:featuredmedia":[{"embeddable":true,"href":"https:\/\/primariachitila.ro\/new\/wp-json\/wp\/v2\/media\/26983"}],"wp:attachment":[{"href":"https:\/\/primariachitila.ro\/new\/wp-json\/wp\/v2\/media?parent=26982"}],"wp:term":[{"taxonomy":"category","embeddable":true,"href":"https:\/\/primariachitila.ro\/new\/wp-json\/wp\/v2\/categories?post=26982"},{"taxonomy":"post_tag","embeddable":true,"href":"https:\/\/primariachitila.ro\/new\/wp-json\/wp\/v2\/tags?post=26982"}],"curies":[{"name":"wp","href":"https:\/\/api.w.org\/{rel}","templated":true}]}}