{"id":26996,"date":"2024-04-25T10:27:00","date_gmt":"2024-04-25T10:27:00","guid":{"rendered":"https:\/\/primariachitila.ro\/new\/?p=26996"},"modified":"2025-11-18T07:14:46","modified_gmt":"2025-11-18T07:14:46","slug":"dotari-de-ultima-generatie-in-gradinite-si-scoli-din-chitila-prin-proiectul-edutech-chitila-un-mediu-educativ-modern","status":"publish","type":"post","link":"https:\/\/primariachitila.ro\/new\/2024\/04\/25\/dotari-de-ultima-generatie-in-gradinite-si-scoli-din-chitila-prin-proiectul-edutech-chitila-un-mediu-educativ-modern\/","title":{"rendered":"Dot\u0103ri de ultim\u0103 genera\u021bie \u00een gr\u0103dini\u021be \u0219i \u0219coli din Chitila prin proiectul \u201eEduTech Chitila: Un mediu educativ modern\u201d"},"content":{"rendered":"\n<p><strong>Articol de pres\u0103<\/strong><\/p>\n\n\n\n<p>Dot\u0103ri de ultim\u0103 genera\u021bie \u00een gr\u0103dini\u021be \u0219i \u0219coli din Chitila prin proiectul \u201e<strong>EduTech Chitila: Un mediu educativ modern<\/strong>\u201d<\/p>\n\n\n\n<p>PNRR: Fonduri pentru Rom\u00e2nia modern\u0103 \u0219i reformat\u0103!<\/p>\n\n\n\n<p>\u00cen Chitila a \u00eenceput livrarea mobilierului \u0219colar \u0219i a echipamentelor IT achizi\u021bionate pentru unit\u0103\u021bi de \u00eenv\u0103\u021b\u0103m\u00e2nt preuniversitar prin proiectul \u201e<strong>EduTech Chitila: Un mediu educativ modern<\/strong>\u201d<em>,&nbsp;<\/em>finan\u021bat prin&nbsp;<em>Planul Na\u021bional de Redresare \u0219i Rezilien\u021b\u0103 (PNRR), C15: Educa\u021bie, Reforma 5. Adoptarea cadrului legislativ pentru digitalizarea educa\u021biei \u0219i Reforma 6. Actualizarea cadrului legislativ pentru a asigura standarde ecologice de proiectare, construc\u021bie \u0219i dotare \u00een sistemul de \u00eenv\u0103\u021b\u0103m\u00e2nt preuniversita, Investi\u021bia 9. Asigurarea echipamentelor \u0219i a resurselor tehnologice digitale pentru unit\u0103\u021bile de \u00eenv\u0103\u021b\u0103m\u00e2nt \u0219i Investi\u021bia 11. Asigurarea dot\u0103rilor pentru s\u0103lile de clas\u0103 preuniversitare \u0219i laboratoarele\/atelierele \u0219colare<\/em><\/p>\n\n\n\n<p><em>\u00cenceput la 25 august 2023, proiectul are dat\u0103 de finalizare 31.12.2024.<\/em><\/p>\n\n\n\n<p><a><strong>Obiectivul general<\/strong><\/a>&nbsp;al proiectului const\u0103 \u00een modernizarea infrastructurii educa\u021bionale a \u0218colii Gimnaziale \u201eProf. Ion Vi\u0219oiu\u201d (pentru structurile din \u0218os. Banatului, nr. 75, Str. \u0218colii, nr. 36-38 \u0219i Str.Troi\u021bei, nr 59) \u0219i a Gr\u0103dini\u021bei \u201eVoinicel\u201d (pentru structurile din Intrarea C\u0103minului, nr. 1A, \u0218os. Banatului, nr. 98A, Str. Ion Olteanu, nr. 2, Str. \u0218colii, nr. 36 \u0219i Str. Panduri, nr.4)&nbsp;din Ora\u0219ul Chitila, jude\u021bul Ilfov, \u00een vederea cre\u0219terii capacit\u0103\u021bii de rezilien\u021b\u0103 a sistemului educa\u021bional, prin dotarea unit\u0103\u021bilor de \u00eenv\u0103\u021b\u0103m\u00e2nt \u0219colare \u0219i pre\u0219colare cu echipamente de ultim\u0103 genera\u021bie, mobilier \u0219i materiale didactice.<\/p>\n\n\n\n<p>Scopul proiectului este de a moderniza infrastructura educa\u021bional\u0103 ora\u0219ului Chitila, Jud. Ilfov, \u00een vederea \u00eembun\u0103t\u0103\u021birii procesului educa\u021bional \u0219i a cre\u0219terii calit\u0103\u021bii acestuia.<\/p>\n\n\n\n<p>Prin implementarea acestui proiect, Prim\u0103ria Ora\u0219ului Chitila urm\u0103re\u0219te s\u0103 doteze unit\u0103\u021bile de \u00eenv\u0103\u021b\u0103m\u00e2nt cu echipamente de ultim\u0103 genera\u021bie pentru a crea un mediu educa\u021bional modern \u0219i incluziv.<\/p>\n\n\n\n<p>Pe de o parte, se are \u00een vedere cre\u0219terea performan\u021belor \u0219colare ale elevilor \u0219i pre\u0219colarilor, iar pe de alt\u0103 parte, crearea unui mediu de \u00eenv\u0103\u021bare mai pl\u0103cut \u0219i&nbsp;cu func\u021bionalit\u0103\u021bi performante.<\/p>\n\n\n\n<p><a>Prin proiect sunt dotate cu echipamente TIC \u0219i licen\u021be software<strong>&nbsp;<\/strong>65 de s\u0103li de clas\u0103<\/a>, iar \u00een 41 de s\u0103li de clas\u0103 se monteaz\u0103 mobilier nou; de asemenea, se livreaz\u0103 materiale didactice adecvate procesului&nbsp; educa\u021bional.<\/p>\n\n\n\n<p><a>Totodat\u0103, se \u00eenfiin\u021beaz\u0103 si se doteaz\u0103 un laborator de informatic\u0103 de nivel pre\u0219colar cu echipamente digitale&nbsp;\u0219i la nivel \u0219colar se doteaz\u0103&nbsp;cu echipamente noi un laborator de informatic\u0103 existent<\/a>.<\/p>\n\n\n\n<p>Proiectul include \u0219i \u00eenfiin\u021barea \u0219i dotarea unui laborator \u0219colar multidisciplinar de \u0219tiin\u021be (chimie \u0219i biologie) cu echipamente digitale \u0219i &nbsp;mobilier, &nbsp;a unui cabinet fonic \u0219colar cu mobilier \u0219i materiale didactice specifice, a unui cabinet \u0219colar multifunc\u021bional de asisten\u021b\u0103 psihopedagogic\u0103 \u0219i logopedie cu echipamente tehnologice, mobilier \u0219i materiale didactice \u0219i dotarea unei s\u0103li de sport cu echipamente TIC \u0219i materiale didactice.<\/p>\n\n\n\n<p>Valoarea total\u0103 a contractului de finan\u021bare este de 2.322.581,35 lei, din care valoarea eligibil\u0103 din PNRR (f\u0103r\u0103 TVA) este 1.951.749,05 lei, iar valoarea TVA aferent\u0103 cheltuielilor eligibile din PNRR este 370.832,30 lei.<\/p>\n\n\n\n<p>\u201eCon\u021binutul acestui material nu reprezint\u0103 \u00een mod obligatoriu pozi\u021bia oficial\u0103 a Uniunii Europene sau a Guvernului Rom\u00e2niei.\u201d<\/p>\n","protected":false},"excerpt":{"rendered":"<p>Articol de pres\u0103 Dot\u0103ri de ultim\u0103 genera\u021bie \u00een gr\u0103dini\u021be \u0219i \u0219coli din Chitila prin proiectul \u201eEduTech Chitila: Un mediu educativ modern\u201d PNRR: Fonduri pentru Rom\u00e2nia modern\u0103 \u0219i reformat\u0103! \u00cen Chitila a \u00eenceput livrarea mobilierului \u0219colar \u0219i a echipamentelor IT achizi\u021bionate pentru unit\u0103\u021bi de \u00eenv\u0103\u021b\u0103m\u00e2nt preuniversitar prin proiectul \u201eEduTech Chitila: Un mediu educativ modern\u201d,&nbsp;finan\u021bat prin&nbsp;Planul Na\u021bional [&hellip;]<\/p>\n","protected":false},"author":6,"featured_media":26774,"comment_status":"open","ping_status":"closed","sticky":false,"template":"","format":"standard","meta":{"footnotes":""},"categories":[130],"tags":[],"class_list":["post-26996","post","type-post","status-publish","format-standard","has-post-thumbnail","hentry","category-stiri"],"_links":{"self":[{"href":"https:\/\/primariachitila.ro\/new\/wp-json\/wp\/v2\/posts\/26996","targetHints":{"allow":["GET"]}}],"collection":[{"href":"https:\/\/primariachitila.ro\/new\/wp-json\/wp\/v2\/posts"}],"about":[{"href":"https:\/\/primariachitila.ro\/new\/wp-json\/wp\/v2\/types\/post"}],"author":[{"embeddable":true,"href":"https:\/\/primariachitila.ro\/new\/wp-json\/wp\/v2\/users\/6"}],"replies":[{"embeddable":true,"href":"https:\/\/primariachitila.ro\/new\/wp-json\/wp\/v2\/comments?post=26996"}],"version-history":[{"count":1,"href":"https:\/\/primariachitila.ro\/new\/wp-json\/wp\/v2\/posts\/26996\/revisions"}],"predecessor-version":[{"id":26997,"href":"https:\/\/primariachitila.ro\/new\/wp-json\/wp\/v2\/posts\/26996\/revisions\/26997"}],"wp:featuredmedia":[{"embeddable":true,"href":"https:\/\/primariachitila.ro\/new\/wp-json\/wp\/v2\/media\/26774"}],"wp:attachment":[{"href":"https:\/\/primariachitila.ro\/new\/wp-json\/wp\/v2\/media?parent=26996"}],"wp:term":[{"taxonomy":"category","embeddable":true,"href":"https:\/\/primariachitila.ro\/new\/wp-json\/wp\/v2\/categories?post=26996"},{"taxonomy":"post_tag","embeddable":true,"href":"https:\/\/primariachitila.ro\/new\/wp-json\/wp\/v2\/tags?post=26996"}],"curies":[{"name":"wp","href":"https:\/\/api.w.org\/{rel}","templated":true}]}}