{"id":26998,"date":"2024-04-18T10:28:00","date_gmt":"2024-04-18T10:28:00","guid":{"rendered":"https:\/\/primariachitila.ro\/new\/?p=26998"},"modified":"2025-11-18T07:14:46","modified_gmt":"2025-11-18T07:14:46","slug":"adopta-un-catel-21","status":"publish","type":"post","link":"https:\/\/primariachitila.ro\/new\/2024\/04\/18\/adopta-un-catel-21\/","title":{"rendered":"ADOPT\u0102 UN C\u0102\u021aEL!"},"content":{"rendered":"\n<p>ADOPT\u0102<\/p>\n\n\n\n<p>Salveaz\u0103 o via\u021b\u0103, adopt\u00e2nd un suflet!<\/p>\n\n\n\n<p>C\u00e2\u0219tig\u0103 un prieten pe via\u021b\u0103!<\/p>\n\n\n\n<p>Campanie ini\u021biat\u0103 de Prim\u0103ria Ora\u0219ului Chitila<\/p>\n\n\n\n<p>C\u00e2ini captura\u021bi \u00een data de 12.04.2024<\/p>\n\n\n\n<p>1.Femel\u0103 3 ani, culoare alb cu negru, talie mic\u0103, stare general\u0103 moderat\u0103, examen clinic s\u0103n\u0103tos, num\u0103r de identificare 723;<\/p>\n\n\n\n<p>2.Mascul 5 ani, culoare negru cu galben, talie mare, stare general\u0103 moderat\u0103, examen clinic s\u0103n\u0103tos, num\u0103r de identificare 724;<\/p>\n\n\n\n<p>3.Femel\u0103 4 ani, culoare galben, bot negru ,talie mare, stare general\u0103 moderat\u0103, examen clinic s\u0103n\u0103tos, num\u0103r de identificare 725;<\/p>\n\n\n\n<p>4.Femel\u0103 5ani, culoare maro cu degete albe, talie mijlocie, stare general\u0103 moderat\u0103, examen clinic s\u0103n\u0103tos, num\u0103r de identificare 726;<\/p>\n\n\n\n<p>5.Mascul 5 ani, culoare negru, talie mijlocie, stare general\u0103 moderat\u0103, examen clinic s\u0103n\u0103tos, num\u0103r de identificare 727;<\/p>\n","protected":false},"excerpt":{"rendered":"<p>ADOPT\u0102 Salveaz\u0103 o via\u021b\u0103, adopt\u00e2nd un suflet! C\u00e2\u0219tig\u0103 un prieten pe via\u021b\u0103! Campanie ini\u021biat\u0103 de Prim\u0103ria Ora\u0219ului Chitila C\u00e2ini captura\u021bi \u00een data de 12.04.2024 1.Femel\u0103 3 ani, culoare alb cu negru, talie mic\u0103, stare general\u0103 moderat\u0103, examen clinic s\u0103n\u0103tos, num\u0103r de identificare 723; 2.Mascul 5 ani, culoare negru cu galben, talie mare, stare general\u0103 moderat\u0103, [&hellip;]<\/p>\n","protected":false},"author":6,"featured_media":26732,"comment_status":"open","ping_status":"closed","sticky":false,"template":"","format":"standard","meta":{"footnotes":""},"categories":[130],"tags":[],"class_list":["post-26998","post","type-post","status-publish","format-standard","has-post-thumbnail","hentry","category-stiri"],"_links":{"self":[{"href":"https:\/\/primariachitila.ro\/new\/wp-json\/wp\/v2\/posts\/26998","targetHints":{"allow":["GET"]}}],"collection":[{"href":"https:\/\/primariachitila.ro\/new\/wp-json\/wp\/v2\/posts"}],"about":[{"href":"https:\/\/primariachitila.ro\/new\/wp-json\/wp\/v2\/types\/post"}],"author":[{"embeddable":true,"href":"https:\/\/primariachitila.ro\/new\/wp-json\/wp\/v2\/users\/6"}],"replies":[{"embeddable":true,"href":"https:\/\/primariachitila.ro\/new\/wp-json\/wp\/v2\/comments?post=26998"}],"version-history":[{"count":1,"href":"https:\/\/primariachitila.ro\/new\/wp-json\/wp\/v2\/posts\/26998\/revisions"}],"predecessor-version":[{"id":26999,"href":"https:\/\/primariachitila.ro\/new\/wp-json\/wp\/v2\/posts\/26998\/revisions\/26999"}],"wp:featuredmedia":[{"embeddable":true,"href":"https:\/\/primariachitila.ro\/new\/wp-json\/wp\/v2\/media\/26732"}],"wp:attachment":[{"href":"https:\/\/primariachitila.ro\/new\/wp-json\/wp\/v2\/media?parent=26998"}],"wp:term":[{"taxonomy":"category","embeddable":true,"href":"https:\/\/primariachitila.ro\/new\/wp-json\/wp\/v2\/categories?post=26998"},{"taxonomy":"post_tag","embeddable":true,"href":"https:\/\/primariachitila.ro\/new\/wp-json\/wp\/v2\/tags?post=26998"}],"curies":[{"name":"wp","href":"https:\/\/api.w.org\/{rel}","templated":true}]}}