{"id":27000,"date":"2024-04-16T10:28:00","date_gmt":"2024-04-16T10:28:00","guid":{"rendered":"https:\/\/primariachitila.ro\/new\/?p=27000"},"modified":"2025-11-18T07:14:46","modified_gmt":"2025-11-18T07:14:46","slug":"afterschool-pentru-elevi-din-medii-vulnerabile","status":"publish","type":"post","link":"https:\/\/primariachitila.ro\/new\/2024\/04\/16\/afterschool-pentru-elevi-din-medii-vulnerabile\/","title":{"rendered":"Afterschool pentru elevi din medii vulnerabile"},"content":{"rendered":"\n<p>Programul de preg\u0103tire prin proiectul \u201c\u0218coal\u0103 dup\u0103 \u0218coal\u0103\u201d, destinat elevilor din medii vulnerabile, a demarat s\u0103pt\u0103m\u00e2na aceasta \u00een Chitila, la \u0218coala din Strada Troi\u021bei nr. 59. Copiii \u00eenscri\u0219i beneficiaz\u0103 de mas\u0103 cald\u0103, primesc sprijin pentru efectuarea temelor, pentru preg\u0103tirea la disciplinele din cadrul evalu\u0103rilor na\u021bionale \u00a0de la clasele a II-a \u0219i a IV-a \u0219i particip\u0103 la activit\u0103\u021bi recreative.<br>Prin proiectul &#8222;Construire \u0219coal\u0103 primar\u0103 \u0219i gimnazial\u0103&#8221; din cadrul POR 2014-2020, Program \u201c\u0218coala dup\u0103 \u0219coal\u0103\u201d, implementat de Prim\u0103ria Ora\u0219ului Chitila, am creat posibilitatea ca minimum 54 de elevi din medii defavorizate s\u0103 beneficieze de sprijin pentru efectuarea temelor \u0219i suport \u00een activit\u0103\u021bi extracurriculare pentru a-\u0219i dezvolta abilit\u0103\u021bi practice \u00een diferite domenii de activitate. Programul este dedicat elevilor \u00eenmatricula\u021bi \u00een \u00eenv\u0103\u021b\u0103m\u00e2ntul primar.<\/p>\n\n\n\n<p><\/p>\n","protected":false},"excerpt":{"rendered":"<p>Programul de preg\u0103tire prin proiectul \u201c\u0218coal\u0103 dup\u0103 \u0218coal\u0103\u201d, destinat elevilor din medii vulnerabile, a demarat s\u0103pt\u0103m\u00e2na aceasta \u00een Chitila, la \u0218coala din Strada Troi\u021bei nr. 59. Copiii \u00eenscri\u0219i beneficiaz\u0103 de mas\u0103 cald\u0103, primesc sprijin pentru efectuarea temelor, pentru preg\u0103tirea la disciplinele din cadrul evalu\u0103rilor na\u021bionale \u00a0de la clasele a II-a \u0219i a IV-a \u0219i particip\u0103 [&hellip;]<\/p>\n","protected":false},"author":6,"featured_media":27001,"comment_status":"open","ping_status":"closed","sticky":false,"template":"","format":"standard","meta":{"footnotes":""},"categories":[130],"tags":[],"class_list":["post-27000","post","type-post","status-publish","format-standard","has-post-thumbnail","hentry","category-stiri"],"_links":{"self":[{"href":"https:\/\/primariachitila.ro\/new\/wp-json\/wp\/v2\/posts\/27000","targetHints":{"allow":["GET"]}}],"collection":[{"href":"https:\/\/primariachitila.ro\/new\/wp-json\/wp\/v2\/posts"}],"about":[{"href":"https:\/\/primariachitila.ro\/new\/wp-json\/wp\/v2\/types\/post"}],"author":[{"embeddable":true,"href":"https:\/\/primariachitila.ro\/new\/wp-json\/wp\/v2\/users\/6"}],"replies":[{"embeddable":true,"href":"https:\/\/primariachitila.ro\/new\/wp-json\/wp\/v2\/comments?post=27000"}],"version-history":[{"count":1,"href":"https:\/\/primariachitila.ro\/new\/wp-json\/wp\/v2\/posts\/27000\/revisions"}],"predecessor-version":[{"id":27002,"href":"https:\/\/primariachitila.ro\/new\/wp-json\/wp\/v2\/posts\/27000\/revisions\/27002"}],"wp:featuredmedia":[{"embeddable":true,"href":"https:\/\/primariachitila.ro\/new\/wp-json\/wp\/v2\/media\/27001"}],"wp:attachment":[{"href":"https:\/\/primariachitila.ro\/new\/wp-json\/wp\/v2\/media?parent=27000"}],"wp:term":[{"taxonomy":"category","embeddable":true,"href":"https:\/\/primariachitila.ro\/new\/wp-json\/wp\/v2\/categories?post=27000"},{"taxonomy":"post_tag","embeddable":true,"href":"https:\/\/primariachitila.ro\/new\/wp-json\/wp\/v2\/tags?post=27000"}],"curies":[{"name":"wp","href":"https:\/\/api.w.org\/{rel}","templated":true}]}}