{"id":27013,"date":"2024-03-19T10:32:00","date_gmt":"2024-03-19T10:32:00","guid":{"rendered":"https:\/\/primariachitila.ro\/new\/?p=27013"},"modified":"2025-11-18T07:14:46","modified_gmt":"2025-11-18T07:14:46","slug":"anunt-public-privind-depunerea-solicitarii-de-emitere-a-acordului-de-mediu-uat-oras-chitila","status":"publish","type":"post","link":"https:\/\/primariachitila.ro\/new\/2024\/03\/19\/anunt-public-privind-depunerea-solicitarii-de-emitere-a-acordului-de-mediu-uat-oras-chitila\/","title":{"rendered":"Anun\u021b public privind depunerea solicit\u0103rii de emitere a acordului de mediu UAT Ora\u0219 Chitila"},"content":{"rendered":"\n<p><strong>UAT Ora\u0219 Chitila<\/strong>&nbsp;anun\u021b\u0103 publicul interesat asupra depunerii solicit\u0103rii de emitere a acordului de mediu pentru proiectul \u201c<strong>Punct terminal de cap\u0103t autobuze electrice, ora\u0219 Chitila, jude\u021bul Ilfov\u201d<\/strong>, propus a fi amplasat \u00een&nbsp;<strong>Tarla 7, Parcela 41, FN<\/strong>.<\/p>\n\n\n\n<p>Informa\u021biile privind proiectul propus pot fi consultate la sediul autorit\u0103\u021bii competente pentru protec\u021bia mediului&nbsp;A.P.M. Ilfov, str. Aleea Lacul Morii nr. 1, sector 6<strong>&nbsp;<\/strong>&nbsp;\u0219i la sediul&nbsp;<strong>UAT Ora\u0219 Chitila, str. Ion Olteanu, nr. 6, ora\u0219 Chitila, jude\u021bul Ilfov<\/strong>, \u00een zilele de luni p\u00e2n\u0103 vineri, \u00eentre orele 9 \u0219i 13.<\/p>\n\n\n\n<p>Observa\u021biile publicului se primesc zilnic la sediul autorit\u0103\u021bii competente pentru protec\u021bia mediului A.P.M. Ilfov.<\/p>\n\n\n\n<p><\/p>\n","protected":false},"excerpt":{"rendered":"<p>UAT Ora\u0219 Chitila&nbsp;anun\u021b\u0103 publicul interesat asupra depunerii solicit\u0103rii de emitere a acordului de mediu pentru proiectul \u201cPunct terminal de cap\u0103t autobuze electrice, ora\u0219 Chitila, jude\u021bul Ilfov\u201d, propus a fi amplasat \u00een&nbsp;Tarla 7, Parcela 41, FN. Informa\u021biile privind proiectul propus pot fi consultate la sediul autorit\u0103\u021bii competente pentru protec\u021bia mediului&nbsp;A.P.M. Ilfov, str. Aleea Lacul Morii nr. [&hellip;]<\/p>\n","protected":false},"author":6,"featured_media":26774,"comment_status":"open","ping_status":"closed","sticky":false,"template":"","format":"standard","meta":{"footnotes":""},"categories":[130],"tags":[],"class_list":["post-27013","post","type-post","status-publish","format-standard","has-post-thumbnail","hentry","category-stiri"],"_links":{"self":[{"href":"https:\/\/primariachitila.ro\/new\/wp-json\/wp\/v2\/posts\/27013","targetHints":{"allow":["GET"]}}],"collection":[{"href":"https:\/\/primariachitila.ro\/new\/wp-json\/wp\/v2\/posts"}],"about":[{"href":"https:\/\/primariachitila.ro\/new\/wp-json\/wp\/v2\/types\/post"}],"author":[{"embeddable":true,"href":"https:\/\/primariachitila.ro\/new\/wp-json\/wp\/v2\/users\/6"}],"replies":[{"embeddable":true,"href":"https:\/\/primariachitila.ro\/new\/wp-json\/wp\/v2\/comments?post=27013"}],"version-history":[{"count":1,"href":"https:\/\/primariachitila.ro\/new\/wp-json\/wp\/v2\/posts\/27013\/revisions"}],"predecessor-version":[{"id":27014,"href":"https:\/\/primariachitila.ro\/new\/wp-json\/wp\/v2\/posts\/27013\/revisions\/27014"}],"wp:featuredmedia":[{"embeddable":true,"href":"https:\/\/primariachitila.ro\/new\/wp-json\/wp\/v2\/media\/26774"}],"wp:attachment":[{"href":"https:\/\/primariachitila.ro\/new\/wp-json\/wp\/v2\/media?parent=27013"}],"wp:term":[{"taxonomy":"category","embeddable":true,"href":"https:\/\/primariachitila.ro\/new\/wp-json\/wp\/v2\/categories?post=27013"},{"taxonomy":"post_tag","embeddable":true,"href":"https:\/\/primariachitila.ro\/new\/wp-json\/wp\/v2\/tags?post=27013"}],"curies":[{"name":"wp","href":"https:\/\/api.w.org\/{rel}","templated":true}]}}