{"id":27017,"date":"2024-03-13T10:33:00","date_gmt":"2024-03-13T10:33:00","guid":{"rendered":"https:\/\/primariachitila.ro\/new\/?p=27017"},"modified":"2025-11-18T07:14:54","modified_gmt":"2025-11-18T07:14:54","slug":"adopta-un-catel-23","status":"publish","type":"post","link":"https:\/\/primariachitila.ro\/new\/2024\/03\/13\/adopta-un-catel-23\/","title":{"rendered":"ADOPT\u0102 UN C\u0102\u021aEL!"},"content":{"rendered":"\n<p>ADOPT\u0102<\/p>\n\n\n\n<p>Salveaz\u0103 o via\u021b\u0103, adopt\u00e2nd un suflet!<\/p>\n\n\n\n<p>C\u00e2\u0219tig\u0103 un prieten pe via\u021b\u0103!<\/p>\n\n\n\n<p>Campanie ini\u021biat\u0103 de Prim\u0103ria Ora\u0219ului Chitila<\/p>\n\n\n\n<p>C\u00e2ini captura\u021bi \u00een data de 12.03.2024<\/p>\n\n\n\n<p>1.Femel\u0103 4 luni, culoare gri, talie mic\u0103, stare general\u0103 moderat\u0103, examen clinic s\u0103n\u0103tos, num\u0103r de identificare 661;<\/p>\n\n\n\n<p>2.Mascul 3 ani, culoare gri, talie mijlocie, stare general\u0103 moderat\u0103, examen clinic s\u0103n\u0103tos, num\u0103r de identificare 662;<\/p>\n\n\n\n<p>3.Mascul 3ani, culoare negru cu labe albe,talie mijlocie, stare general\u0103 moderat\u0103, examen clinic s\u0103n\u0103tos, num\u0103r de identificare 663;<\/p>\n\n\n\n<p>4.Mascul 4ani, culoare negru,guler alb, talie mijlocie, stare general\u0103 moderat\u0103, examen clinic s\u0103n\u0103tos,num\u0103r de identificare 664;<\/p>\n\n\n\n<p>5.Mascul 5 ani, culoare gri cu alb pe burt\u0103, talie mare, stare general\u0103 moderat\u0103, examen clinic s\u0103n\u0103tos,num\u0103r de identificare 665;<\/p>\n","protected":false},"excerpt":{"rendered":"<p>ADOPT\u0102 Salveaz\u0103 o via\u021b\u0103, adopt\u00e2nd un suflet! C\u00e2\u0219tig\u0103 un prieten pe via\u021b\u0103! Campanie ini\u021biat\u0103 de Prim\u0103ria Ora\u0219ului Chitila C\u00e2ini captura\u021bi \u00een data de 12.03.2024 1.Femel\u0103 4 luni, culoare gri, talie mic\u0103, stare general\u0103 moderat\u0103, examen clinic s\u0103n\u0103tos, num\u0103r de identificare 661; 2.Mascul 3 ani, culoare gri, talie mijlocie, stare general\u0103 moderat\u0103, examen clinic s\u0103n\u0103tos, num\u0103r [&hellip;]<\/p>\n","protected":false},"author":6,"featured_media":26732,"comment_status":"open","ping_status":"closed","sticky":false,"template":"","format":"standard","meta":{"footnotes":""},"categories":[130],"tags":[],"class_list":["post-27017","post","type-post","status-publish","format-standard","has-post-thumbnail","hentry","category-stiri"],"_links":{"self":[{"href":"https:\/\/primariachitila.ro\/new\/wp-json\/wp\/v2\/posts\/27017","targetHints":{"allow":["GET"]}}],"collection":[{"href":"https:\/\/primariachitila.ro\/new\/wp-json\/wp\/v2\/posts"}],"about":[{"href":"https:\/\/primariachitila.ro\/new\/wp-json\/wp\/v2\/types\/post"}],"author":[{"embeddable":true,"href":"https:\/\/primariachitila.ro\/new\/wp-json\/wp\/v2\/users\/6"}],"replies":[{"embeddable":true,"href":"https:\/\/primariachitila.ro\/new\/wp-json\/wp\/v2\/comments?post=27017"}],"version-history":[{"count":1,"href":"https:\/\/primariachitila.ro\/new\/wp-json\/wp\/v2\/posts\/27017\/revisions"}],"predecessor-version":[{"id":27018,"href":"https:\/\/primariachitila.ro\/new\/wp-json\/wp\/v2\/posts\/27017\/revisions\/27018"}],"wp:featuredmedia":[{"embeddable":true,"href":"https:\/\/primariachitila.ro\/new\/wp-json\/wp\/v2\/media\/26732"}],"wp:attachment":[{"href":"https:\/\/primariachitila.ro\/new\/wp-json\/wp\/v2\/media?parent=27017"}],"wp:term":[{"taxonomy":"category","embeddable":true,"href":"https:\/\/primariachitila.ro\/new\/wp-json\/wp\/v2\/categories?post=27017"},{"taxonomy":"post_tag","embeddable":true,"href":"https:\/\/primariachitila.ro\/new\/wp-json\/wp\/v2\/tags?post=27017"}],"curies":[{"name":"wp","href":"https:\/\/api.w.org\/{rel}","templated":true}]}}