{"id":27019,"date":"2024-01-29T10:33:00","date_gmt":"2024-01-29T10:33:00","guid":{"rendered":"https:\/\/primariachitila.ro\/new\/?p=27019"},"modified":"2025-11-18T07:14:54","modified_gmt":"2025-11-18T07:14:54","slug":"am-incheiat-lucrarile-de-reabilitare-a-sistemului-de-iluminat-public","status":"publish","type":"post","link":"https:\/\/primariachitila.ro\/new\/2024\/01\/29\/am-incheiat-lucrarile-de-reabilitare-a-sistemului-de-iluminat-public\/","title":{"rendered":"Am \u00eencheiat lucr\u0103rile de reabilitare a sistemului de iluminat public"},"content":{"rendered":"\n<p>Prim\u0103ria Ora\u0219ului Chitila a finalizat lucr\u0103rile de reabilitare \u0219i modernizare a instala\u021biei de iluminat public \u00een ora\u0219ul Chitila, proiect finan\u021bat de Ministerul Investi\u021biilor \u0219i Proiectelor Europene (MIPE) prin Programul Opera\u021bional Regional.<\/p>\n\n\n\n<p>\u00cen aceast\u0103 perioad\u0103 se fac ultimele reglaje, implementarea proiectului presupun\u00e2nd realizarea a 14.558 km de re\u021bea electric\u0103 de iluminat public nou\u0103.<br>Solu\u021bia de modernizare pe care am agreat-o a avut \u00een vedere un sistem nou care implic\u0103 reducerea costurilor de energie \u0219i a celor de \u00eentre\u021binere.<br>Prin acest proiect am \u00eenlocuit toate sursele de iluminat existente de tip l\u0103mpi cu cele de tip LED confec\u021bionate din materiale ecologice (aluminiu turnat) care prezint\u0103 posibilitatea recicl\u0103rii la sf\u00e2r\u0219itul duratei de via\u021b\u0103.<br>Noile aparate de iluminat cu LED utilizate sunt astfel proiectate \u00eenc\u00e2t s\u0103 limiteze poluarea luminoas\u0103, iar \u00een cazul unui defect de re\u021bea ce poate produce aprinderea acestuia, materialele utilizate s\u0103 nu \u00eentre\u021bin\u0103 arderea.<br>Totodat\u0103, prin proiect s-a implementat un sistem de telegestiune la nivelul \u00eentregului sistem de iluminat public existent. Ne-am propus reducerea consumului de energie cu aproximativ 30%, prin proiect implement\u00e2nd un mecanism de reducere a fluxului luminos \u00een anumite intervale de timp \u0219i \u00een anumite zone, setate \u00een func\u021bie de trafic \u0219i condi\u021biile de siguran\u021b\u0103 ale zonei.<br>Proiectul s-a ridicat la 3,7 milioane de euro.<\/p>\n","protected":false},"excerpt":{"rendered":"<p>Prim\u0103ria Ora\u0219ului Chitila a finalizat lucr\u0103rile de reabilitare \u0219i modernizare a instala\u021biei de iluminat public \u00een ora\u0219ul Chitila, proiect finan\u021bat de Ministerul Investi\u021biilor \u0219i Proiectelor Europene (MIPE) prin Programul Opera\u021bional Regional. \u00cen aceast\u0103 perioad\u0103 se fac ultimele reglaje, implementarea proiectului presupun\u00e2nd realizarea a 14.558 km de re\u021bea electric\u0103 de iluminat public nou\u0103.Solu\u021bia de modernizare pe [&hellip;]<\/p>\n","protected":false},"author":6,"featured_media":27020,"comment_status":"open","ping_status":"closed","sticky":false,"template":"","format":"standard","meta":{"footnotes":""},"categories":[130],"tags":[],"class_list":["post-27019","post","type-post","status-publish","format-standard","has-post-thumbnail","hentry","category-stiri"],"_links":{"self":[{"href":"https:\/\/primariachitila.ro\/new\/wp-json\/wp\/v2\/posts\/27019","targetHints":{"allow":["GET"]}}],"collection":[{"href":"https:\/\/primariachitila.ro\/new\/wp-json\/wp\/v2\/posts"}],"about":[{"href":"https:\/\/primariachitila.ro\/new\/wp-json\/wp\/v2\/types\/post"}],"author":[{"embeddable":true,"href":"https:\/\/primariachitila.ro\/new\/wp-json\/wp\/v2\/users\/6"}],"replies":[{"embeddable":true,"href":"https:\/\/primariachitila.ro\/new\/wp-json\/wp\/v2\/comments?post=27019"}],"version-history":[{"count":1,"href":"https:\/\/primariachitila.ro\/new\/wp-json\/wp\/v2\/posts\/27019\/revisions"}],"predecessor-version":[{"id":27021,"href":"https:\/\/primariachitila.ro\/new\/wp-json\/wp\/v2\/posts\/27019\/revisions\/27021"}],"wp:featuredmedia":[{"embeddable":true,"href":"https:\/\/primariachitila.ro\/new\/wp-json\/wp\/v2\/media\/27020"}],"wp:attachment":[{"href":"https:\/\/primariachitila.ro\/new\/wp-json\/wp\/v2\/media?parent=27019"}],"wp:term":[{"taxonomy":"category","embeddable":true,"href":"https:\/\/primariachitila.ro\/new\/wp-json\/wp\/v2\/categories?post=27019"},{"taxonomy":"post_tag","embeddable":true,"href":"https:\/\/primariachitila.ro\/new\/wp-json\/wp\/v2\/tags?post=27019"}],"curies":[{"name":"wp","href":"https:\/\/api.w.org\/{rel}","templated":true}]}}