{"id":27033,"date":"2023-12-21T10:56:49","date_gmt":"2023-12-21T10:56:49","guid":{"rendered":"https:\/\/primariachitila.ro\/new\/?p=27033"},"modified":"2025-11-13T13:36:22","modified_gmt":"2025-11-13T13:36:22","slug":"am-finalizat-alte-doua-proiecte-cu-fonduri-europene","status":"publish","type":"post","link":"https:\/\/primariachitila.ro\/new\/2023\/12\/21\/am-finalizat-alte-doua-proiecte-cu-fonduri-europene\/","title":{"rendered":"Am finalizat alte dou\u0103 proiecte cu fonduri europene"},"content":{"rendered":"\n<p>Prim\u0103ria Ora\u0219ul Chitila, \u00een parteneriat cu Comuna Mogo\u0219oaia, \u00een calitate de Beneficiar, a implementat proiectul \u201cLinie de transport public cu emisii zero pe ruta Str\u0103ule\u0219ti \u2013 Mogo\u0219oaia \u2013 Buftea\u201d (cod MySMIS 124201 \u0219i 124202), proiecte finan\u0163ate prin Programul Opera\u021bional Regional (POR) 2014-2020, Axa prioritar\u0103 3&nbsp; \u2013Sprijinirea tranzi\u021biei c\u0103tre o economie cu emisii sc\u0103zute de carbon, Prioritate de investi\u021bii 4E \u2013 Promovarea unor strategii cu emisii sc\u0103zute de dioxid de carbon pentru toate tipurile de teritorii, \u00een special pentru zonele urbane, inclusiv promovarea&nbsp; mobilit\u0103\u021bii urbane multimodale durabile \u0219i a m\u0103surilor de adaptare relevante pentru atenuare.<\/p>\n\n\n\n<p>Contractele de finan\u021bare \u00eencheiate cu Ministerul Lucr\u0103rilor Publice, Dezvolt\u0103rii \u0219i Administra\u021biei, \u00een calitate de Autoritate de Management, \u0219i cu Agen\u021bia pentru Dezvoltare Regional\u0103 Bucure\u0219ti-Ilfov, \u00een calitate de Organism Intermediar, sunt \u00een valoare de 32.255.505,74 lei, din care valoarea finan\u021b\u0103rii nerambursabile este de 27.023.060,71 lei, dup\u0103 cum urmeaz\u0103:<\/p>\n\n\n\n<ul class=\"wp-block-list\">\n<li><strong>22.059.641,38 lei cofinan\u021barea din Fondul\u00a0 European de Dezvoltare Regional\u0103<\/strong><\/li>\n\n\n\n<li>\u00a04.963.419,33 lei contribu\u021bia de la Bugetul de Stat<\/li>\n<\/ul>\n\n\n\n<p>Implementarea proiectelor \u00een ora\u0219ul Chitila, jude\u021bul Ilfov, s-a realizat pe o perioad\u0103 de 70 de luni, \u00eentre 01.03.2018 \u0219i 31.12.2023.<\/p>\n\n\n\n<p>Ora\u0219ul Chitila \u0219i Comuna Mogo\u0219oaia \u0219i-au propus s\u0103 se asigure c\u0103 persoanele cu dizabilit\u0103\u021bi \u0219i persoanele cu mobilitate redus\u0103 pot participa efectiv \u015fi deplin la via\u0163a social\u0103 \u015fi public\u0103, \u00een condi\u0163ii de egalitate cu ceilal\u0163i.<\/p>\n\n\n\n<p>\u00cen acest sens, prin proiectul&nbsp;<strong>Linie de transport public cu emisii zero pe ruta Str\u0103ule\u015fti-Mogo\u015foaia-Buftea&nbsp;<\/strong>din cadrul&nbsp;<strong>Programului Opera\u021bional Regional 2014 -2020<\/strong>&nbsp; au fost achizi\u021bionate autobuze electrice noi.<\/p>\n\n\n\n<p>&nbsp;Prin investi\u021biile realizate \u00een transportul public de c\u0103l\u0103tori, continu\u0103 preocuparea pentru asigurarea unor servicii publice de calitate care presupune adoptarea unor m\u0103suri concrete pentru adaptarea mediului fizic \u00eentr-o manier\u0103 incluziv\u0103 \u015fi accesibil\u0103 tuturor beneficiarilor serviciilor de transport public de c\u0103l\u0103tori.<\/p>\n\n\n\n<p>Specifica\u021biile \u0219i dot\u0103rile autobuzelor electrice \u00eenglobeaz\u0103 aspecte corelate direct cu \u00eendeplinirea principiul egalit\u0103\u021bii de \u0219anse \u0219i tratament integrat la nivelul furniz\u0103rii serviciilor publice de transport pentru c\u0103l\u0103tori care s\u0103 permit\u0103 persoanelor cu mobilitate redus\u0103 s\u0103 se bucure \u0219i s\u0103 \u00ee\u0219i exercite \u00een condi\u021bii de egalitate cu ceilal\u021bi, toate drepturile \u0219i libert\u0103\u021bile fundamentale ale omului.<\/p>\n\n\n\n<figure class=\"wp-block-image size-full\"><img fetchpriority=\"high\" decoding=\"async\" width=\"650\" height=\"488\" src=\"https:\/\/primariachitila.ro\/new\/wp-content\/uploads\/2025\/11\/image-3.png\" alt=\"\" class=\"wp-image-27034\" srcset=\"https:\/\/primariachitila.ro\/new\/wp-content\/uploads\/2025\/11\/image-3.png 650w, https:\/\/primariachitila.ro\/new\/wp-content\/uploads\/2025\/11\/image-3-300x225.png 300w, https:\/\/primariachitila.ro\/new\/wp-content\/uploads\/2025\/11\/image-3-600x450.png 600w\" sizes=\"(max-width: 650px) 100vw, 650px\" \/><\/figure>\n\n\n\n<figure class=\"wp-block-image size-full\"><img decoding=\"async\" width=\"650\" height=\"488\" src=\"https:\/\/primariachitila.ro\/new\/wp-content\/uploads\/2025\/11\/image-4.png\" alt=\"\" class=\"wp-image-27035\" srcset=\"https:\/\/primariachitila.ro\/new\/wp-content\/uploads\/2025\/11\/image-4.png 650w, https:\/\/primariachitila.ro\/new\/wp-content\/uploads\/2025\/11\/image-4-300x225.png 300w, https:\/\/primariachitila.ro\/new\/wp-content\/uploads\/2025\/11\/image-4-600x450.png 600w\" sizes=\"(max-width: 650px) 100vw, 650px\" \/><\/figure>\n\n\n\n<figure class=\"wp-block-image size-full\"><img decoding=\"async\" width=\"650\" height=\"488\" src=\"https:\/\/primariachitila.ro\/new\/wp-content\/uploads\/2025\/11\/image-5.png\" alt=\"\" class=\"wp-image-27036\" srcset=\"https:\/\/primariachitila.ro\/new\/wp-content\/uploads\/2025\/11\/image-5.png 650w, https:\/\/primariachitila.ro\/new\/wp-content\/uploads\/2025\/11\/image-5-300x225.png 300w, https:\/\/primariachitila.ro\/new\/wp-content\/uploads\/2025\/11\/image-5-600x450.png 600w\" sizes=\"(max-width: 650px) 100vw, 650px\" \/><\/figure>\n","protected":false},"excerpt":{"rendered":"<p>Prim\u0103ria Ora\u0219ul Chitila, \u00een parteneriat cu Comuna Mogo\u0219oaia, \u00een calitate de Beneficiar, a implementat proiectul \u201cLinie de transport public cu emisii zero pe ruta Str\u0103ule\u0219ti \u2013 Mogo\u0219oaia \u2013 Buftea\u201d (cod MySMIS 124201 \u0219i 124202), proiecte finan\u0163ate prin Programul Opera\u021bional Regional (POR) 2014-2020, Axa prioritar\u0103 3&nbsp; \u2013Sprijinirea tranzi\u021biei c\u0103tre o economie cu emisii sc\u0103zute de carbon, [&hellip;]<\/p>\n","protected":false},"author":6,"featured_media":27037,"comment_status":"open","ping_status":"closed","sticky":false,"template":"","format":"standard","meta":{"footnotes":""},"categories":[130],"tags":[],"class_list":["post-27033","post","type-post","status-publish","format-standard","has-post-thumbnail","hentry","category-stiri"],"_links":{"self":[{"href":"https:\/\/primariachitila.ro\/new\/wp-json\/wp\/v2\/posts\/27033","targetHints":{"allow":["GET"]}}],"collection":[{"href":"https:\/\/primariachitila.ro\/new\/wp-json\/wp\/v2\/posts"}],"about":[{"href":"https:\/\/primariachitila.ro\/new\/wp-json\/wp\/v2\/types\/post"}],"author":[{"embeddable":true,"href":"https:\/\/primariachitila.ro\/new\/wp-json\/wp\/v2\/users\/6"}],"replies":[{"embeddable":true,"href":"https:\/\/primariachitila.ro\/new\/wp-json\/wp\/v2\/comments?post=27033"}],"version-history":[{"count":1,"href":"https:\/\/primariachitila.ro\/new\/wp-json\/wp\/v2\/posts\/27033\/revisions"}],"predecessor-version":[{"id":27038,"href":"https:\/\/primariachitila.ro\/new\/wp-json\/wp\/v2\/posts\/27033\/revisions\/27038"}],"wp:featuredmedia":[{"embeddable":true,"href":"https:\/\/primariachitila.ro\/new\/wp-json\/wp\/v2\/media\/27037"}],"wp:attachment":[{"href":"https:\/\/primariachitila.ro\/new\/wp-json\/wp\/v2\/media?parent=27033"}],"wp:term":[{"taxonomy":"category","embeddable":true,"href":"https:\/\/primariachitila.ro\/new\/wp-json\/wp\/v2\/categories?post=27033"},{"taxonomy":"post_tag","embeddable":true,"href":"https:\/\/primariachitila.ro\/new\/wp-json\/wp\/v2\/tags?post=27033"}],"curies":[{"name":"wp","href":"https:\/\/api.w.org\/{rel}","templated":true}]}}