{"id":27042,"date":"2023-12-20T10:58:00","date_gmt":"2023-12-20T10:58:00","guid":{"rendered":"https:\/\/primariachitila.ro\/new\/?p=27042"},"modified":"2025-11-13T13:36:22","modified_gmt":"2025-11-13T13:36:22","slug":"seminar-de-promovare-linie-de-transport-public-cu-emisii-zero-pe-ruta-chitila-mogosoaia-baneasa","status":"publish","type":"post","link":"https:\/\/primariachitila.ro\/new\/2023\/12\/20\/seminar-de-promovare-linie-de-transport-public-cu-emisii-zero-pe-ruta-chitila-mogosoaia-baneasa\/","title":{"rendered":"Seminar de promovare Linie de Transport Public cu Emisii Zero pe ruta Chitila &#8211; Mogo\u0219oaia &#8211; B\u0103neasa"},"content":{"rendered":"\n<p>\u00cen data de 18.12.2023 la \u0218coala Gimnazial\u0103 din strada Troi\u021bei nr. 59, ne-am bucurat de o prezen\u021b\u0103 numeroas\u0103 a cet\u0103\u021benilor care au dar curs invita\u021biei noastre de a discuta despre ultimele proiecte finalizate \u00een acest an pentru achizi\u021bionarea de autobuze electrice.<\/p>\n\n\n\n<p>Primarul Ora\u0219ului Chitila, EMILIAN OPREA a discutat cu cei prezen\u021bi despre:<\/p>\n\n\n\n<p>&#8211; rezultatele proiectelor cu finan\u021bare nerambursabil\u0103 prin Programul Opera\u021bional Regional 2014-2020<\/p>\n\n\n\n<p>&#8211; despre cum va ar\u0103ta transportul public \u00een viitor<\/p>\n\n\n\n<p>&#8211; noi rute de transport, mult a\u0219teptate de c\u0103tre cet\u0103\u021beni, precum ruta Chitila \u2013 Mall B\u0103neasa<\/p>\n\n\n\n<p>&#8211; proiecte care s\u0103 conduc\u0103 \u00een viitor la fluidizarea traficului \u00een ora\u0219.<\/p>\n\n\n\n<p>Sf\u00e2r\u0219itul de an vine \u0219i cu alte surprize.&nbsp;<\/p>\n\n\n\n<p>R\u0103m\u00e2ne\u021bi al\u0103turi de noi \u0219i \u00eempreun\u0103 ne vom bucura de succesul proiectelor pe care le-am ini\u021biat pentru dezvoltarea comunit\u0103\u021bii noastre!<\/p>\n","protected":false},"excerpt":{"rendered":"<p>\u00cen data de 18.12.2023 la \u0218coala Gimnazial\u0103 din strada Troi\u021bei nr. 59, ne-am bucurat de o prezen\u021b\u0103 numeroas\u0103 a cet\u0103\u021benilor care au dar curs invita\u021biei noastre de a discuta despre ultimele proiecte finalizate \u00een acest an pentru achizi\u021bionarea de autobuze electrice. Primarul Ora\u0219ului Chitila, EMILIAN OPREA a discutat cu cei prezen\u021bi despre: &#8211; rezultatele proiectelor [&hellip;]<\/p>\n","protected":false},"author":6,"featured_media":27043,"comment_status":"open","ping_status":"closed","sticky":false,"template":"","format":"standard","meta":{"footnotes":""},"categories":[130],"tags":[],"class_list":["post-27042","post","type-post","status-publish","format-standard","has-post-thumbnail","hentry","category-stiri"],"_links":{"self":[{"href":"https:\/\/primariachitila.ro\/new\/wp-json\/wp\/v2\/posts\/27042","targetHints":{"allow":["GET"]}}],"collection":[{"href":"https:\/\/primariachitila.ro\/new\/wp-json\/wp\/v2\/posts"}],"about":[{"href":"https:\/\/primariachitila.ro\/new\/wp-json\/wp\/v2\/types\/post"}],"author":[{"embeddable":true,"href":"https:\/\/primariachitila.ro\/new\/wp-json\/wp\/v2\/users\/6"}],"replies":[{"embeddable":true,"href":"https:\/\/primariachitila.ro\/new\/wp-json\/wp\/v2\/comments?post=27042"}],"version-history":[{"count":1,"href":"https:\/\/primariachitila.ro\/new\/wp-json\/wp\/v2\/posts\/27042\/revisions"}],"predecessor-version":[{"id":27044,"href":"https:\/\/primariachitila.ro\/new\/wp-json\/wp\/v2\/posts\/27042\/revisions\/27044"}],"wp:featuredmedia":[{"embeddable":true,"href":"https:\/\/primariachitila.ro\/new\/wp-json\/wp\/v2\/media\/27043"}],"wp:attachment":[{"href":"https:\/\/primariachitila.ro\/new\/wp-json\/wp\/v2\/media?parent=27042"}],"wp:term":[{"taxonomy":"category","embeddable":true,"href":"https:\/\/primariachitila.ro\/new\/wp-json\/wp\/v2\/categories?post=27042"},{"taxonomy":"post_tag","embeddable":true,"href":"https:\/\/primariachitila.ro\/new\/wp-json\/wp\/v2\/tags?post=27042"}],"curies":[{"name":"wp","href":"https:\/\/api.w.org\/{rel}","templated":true}]}}