{"id":27057,"date":"2023-12-14T11:00:25","date_gmt":"2023-12-14T11:00:25","guid":{"rendered":"https:\/\/primariachitila.ro\/new\/?p=27057"},"modified":"2025-11-13T13:36:22","modified_gmt":"2025-11-13T13:36:22","slug":"anunt-de-interes-public-3","status":"publish","type":"post","link":"https:\/\/primariachitila.ro\/new\/2023\/12\/14\/anunt-de-interes-public-3\/","title":{"rendered":"ANUN\u021a DE INTERES PUBLIC"},"content":{"rendered":"\n<p>Joi, 14 decembrie ora 18.00 \u0219i luni, 18 decembrie ora 18.00, Prim\u0103ria Chitila organizeaz\u0103 pentru cet\u0103\u021beni dou\u0103 sesiuni de informare \u0219i promovare privind achizi\u021bionarea de autobuze electrice noi pentru transportul public din ora\u0219.<br>Evenimentele se vor desf\u0103\u0219ura la \u0218coala Gimnazial\u0103 din strada Troi\u021bei nr. 59.<br>Ora\u0219ul Chitila, \u00een parteneriat cu comuna Mogo\u0219oaia, au achizi\u021bionat 12 autobuze electrice noi prin proiectul Linie de transport public cu emisii zero pe ruta Str\u0103ule\u015fti-Mogo\u015foaia-Buftea din cadrul Programului Opera\u021bional Regional 2014 -2020.\u00a0<br>Obiectivul proiectului l-a reprezentat dezvoltarea unui sistem de transport public ecologic \u201everde\u201d care s\u0103 determine reducerea emisiilor de CO2 \u0219i \u00eembun\u0103t\u0103\u021birea accesibilit\u0103\u021bii modurilor de transport prietenoase cu mediul, prin investi\u021bii destinate \u00eembun\u0103t\u0103\u021birii transportului public urban de c\u0103l\u0103tori.<br>Prin investi\u021biile realizate \u00een transportul public de c\u0103l\u0103tori continu\u0103 preocuparea pentru asigurarea unor servicii publice de calitate care presupune adoptarea unor m\u0103suri concrete pentru adaptarea mediului fizic \u00eentr-o manier\u0103 incluziv\u0103 \u015fi accesibil\u0103 tuturor beneficiarilor serviciilor de transport public de c\u0103l\u0103tori.<\/p>\n\n\n\n<figure class=\"wp-block-image size-full\"><img fetchpriority=\"high\" decoding=\"async\" width=\"362\" height=\"650\" src=\"https:\/\/primariachitila.ro\/new\/wp-content\/uploads\/2025\/11\/image-11.png\" alt=\"\" class=\"wp-image-27058\" srcset=\"https:\/\/primariachitila.ro\/new\/wp-content\/uploads\/2025\/11\/image-11.png 362w, https:\/\/primariachitila.ro\/new\/wp-content\/uploads\/2025\/11\/image-11-167x300.png 167w, https:\/\/primariachitila.ro\/new\/wp-content\/uploads\/2025\/11\/image-11-300x539.png 300w\" sizes=\"(max-width: 362px) 100vw, 362px\" \/><\/figure>\n\n\n\n<figure class=\"wp-block-image size-full\"><img decoding=\"async\" width=\"362\" height=\"650\" src=\"https:\/\/primariachitila.ro\/new\/wp-content\/uploads\/2025\/11\/image-12.png\" alt=\"\" class=\"wp-image-27059\" srcset=\"https:\/\/primariachitila.ro\/new\/wp-content\/uploads\/2025\/11\/image-12.png 362w, https:\/\/primariachitila.ro\/new\/wp-content\/uploads\/2025\/11\/image-12-167x300.png 167w, https:\/\/primariachitila.ro\/new\/wp-content\/uploads\/2025\/11\/image-12-300x539.png 300w\" sizes=\"(max-width: 362px) 100vw, 362px\" \/><\/figure>\n","protected":false},"excerpt":{"rendered":"<p>Joi, 14 decembrie ora 18.00 \u0219i luni, 18 decembrie ora 18.00, Prim\u0103ria Chitila organizeaz\u0103 pentru cet\u0103\u021beni dou\u0103 sesiuni de informare \u0219i promovare privind achizi\u021bionarea de autobuze electrice noi pentru transportul public din ora\u0219.Evenimentele se vor desf\u0103\u0219ura la \u0218coala Gimnazial\u0103 din strada Troi\u021bei nr. 59.Ora\u0219ul Chitila, \u00een parteneriat cu comuna Mogo\u0219oaia, au achizi\u021bionat 12 autobuze electrice [&hellip;]<\/p>\n","protected":false},"author":6,"featured_media":26774,"comment_status":"open","ping_status":"closed","sticky":false,"template":"","format":"standard","meta":{"footnotes":""},"categories":[130],"tags":[],"class_list":["post-27057","post","type-post","status-publish","format-standard","has-post-thumbnail","hentry","category-stiri"],"_links":{"self":[{"href":"https:\/\/primariachitila.ro\/new\/wp-json\/wp\/v2\/posts\/27057","targetHints":{"allow":["GET"]}}],"collection":[{"href":"https:\/\/primariachitila.ro\/new\/wp-json\/wp\/v2\/posts"}],"about":[{"href":"https:\/\/primariachitila.ro\/new\/wp-json\/wp\/v2\/types\/post"}],"author":[{"embeddable":true,"href":"https:\/\/primariachitila.ro\/new\/wp-json\/wp\/v2\/users\/6"}],"replies":[{"embeddable":true,"href":"https:\/\/primariachitila.ro\/new\/wp-json\/wp\/v2\/comments?post=27057"}],"version-history":[{"count":1,"href":"https:\/\/primariachitila.ro\/new\/wp-json\/wp\/v2\/posts\/27057\/revisions"}],"predecessor-version":[{"id":27060,"href":"https:\/\/primariachitila.ro\/new\/wp-json\/wp\/v2\/posts\/27057\/revisions\/27060"}],"wp:featuredmedia":[{"embeddable":true,"href":"https:\/\/primariachitila.ro\/new\/wp-json\/wp\/v2\/media\/26774"}],"wp:attachment":[{"href":"https:\/\/primariachitila.ro\/new\/wp-json\/wp\/v2\/media?parent=27057"}],"wp:term":[{"taxonomy":"category","embeddable":true,"href":"https:\/\/primariachitila.ro\/new\/wp-json\/wp\/v2\/categories?post=27057"},{"taxonomy":"post_tag","embeddable":true,"href":"https:\/\/primariachitila.ro\/new\/wp-json\/wp\/v2\/tags?post=27057"}],"curies":[{"name":"wp","href":"https:\/\/api.w.org\/{rel}","templated":true}]}}