{"id":27065,"date":"2023-11-15T11:02:15","date_gmt":"2023-11-15T11:02:15","guid":{"rendered":"https:\/\/primariachitila.ro\/new\/?p=27065"},"modified":"2025-11-13T13:36:29","modified_gmt":"2025-11-13T13:36:29","slug":"anunt-privind-depunerea-cererilor-in-vederea-repartizarii-locuinte-pentru-tineri-anl","status":"publish","type":"post","link":"https:\/\/primariachitila.ro\/new\/2023\/11\/15\/anunt-privind-depunerea-cererilor-in-vederea-repartizarii-locuinte-pentru-tineri-anl\/","title":{"rendered":"ANUN\u021a PRIVIND DEPUNEREA CERERILOR \u00ceN VEDEREA REPARTIZ\u0102RII LOCUIN\u021aE PENTRU TINERI (ANL)"},"content":{"rendered":"\n<p><strong>ANUN\u021a<\/strong><\/p>\n\n\n\n<p><strong>PRIVIND DEPUNEREA CERERILOR \u00ceN VEDEREA REPARTIZ\u0102RII LOCUIN\u021aE PENTRU TINERI (ANL)<\/strong><\/p>\n\n\n\n<p>Av\u00e2nd \u00een vedere:<\/p>\n\n\n\n<p>&#8211; Legea nr.152\/1998 privind \u00eenfiin\u021barea Agen\u021biei Na\u021bionale pentru Locuin\u021be, cu modific\u0103rile \u0219i complet\u0103rile ulterioare;<\/p>\n\n\n\n<p>&#8211; Normele metodologice pentru punerea \u00een aplicare a prevederilor Legii nr.152\/1998 privind \u00eenfiin\u021barea Agen\u021biei Na\u021bionale pentru Locuin\u021be, aprobate prin Hot\u0103r\u00e2rea Guvernului nr.962\/2001, cu modific\u0103rile \u0219i complet\u0103rile ulterioare;<\/p>\n\n\n\n<p>\u00cencep\u00e2nd cu data de&nbsp;<strong>15.11.2023 p\u00e2n\u0103 la data de 15.12.2023<\/strong>, solicitan\u021bii de locuin\u021be pentru tineri, destinate \u00eenchirierii (locuin\u021be ANL), care \u00eendeplinesc criteriile stabilite prin HCL nr.117\/2023, sunt a\u0219tepta\u021bi s\u0103 depun\u0103 cererile \u00eenso\u021bite de documentele justificative \u00een vederea stabilirii listei de priorit\u0103\u021bi, de c\u0103tre comisia social\u0103 de analiz\u0103 a solicit\u0103rilor.<\/p>\n\n\n\n<p>V\u0103 rug\u0103m s\u0103 v\u0103 asigura\u021bi c\u0103 documenta\u021bia este complet\u0103 \u0219i c\u0103 \u00eendeplini\u021bi criteriile necesare pentru a avea \u0219ansa de a beneficia de locuin\u021be destinate \u00eenchirierii &#8211; ANL.<\/p>\n\n\n\n<p><strong>Ata\u0219\u0103m prezentei criteriile privind stabilirea ordinii de prioritate \u0219i list\u0103 documente care se depun \u00eempreun\u0103 cu cererea de solicitate a locuin\u021bei destinate \u00eenchirierii Agen\u021bia Na\u021bional\u0103 pentru&nbsp; Locuin\u021be<\/strong><\/p>\n\n\n\n<p>Pentru informa\u021bii suplimentare sau clarific\u0103ri, v\u0103 rug\u0103m s\u0103 ne contacta\u021bi la 021.436.37.09 sau s\u0103 vizita\u021bi site-ul nostru&nbsp;<a href=\"https:\/\/www.primariachitila.ro\/\">https:\/\/www.primariachitila.ro\/<\/a>&nbsp;.<\/p>\n\n\n\n<div data-wp-interactive=\"core\/file\" class=\"wp-block-file\"><object data-wp-bind--hidden=\"!state.hasPdfPreview\" hidden class=\"wp-block-file__embed\" data=\"https:\/\/primariachitila.ro\/new\/wp-content\/uploads\/2025\/11\/Anunt-privind-depunerea-Criterii-documente-necesare-cerere_4.pdf\" type=\"application\/pdf\" style=\"width:100%;height:600px\" aria-label=\"\u00cenglobare pentru Anun\u021b privind depunerea Criterii + documente necesare + cerere_4.\"><\/object><a id=\"wp-block-file--media-1ca8a2ed-dc21-4a79-a85c-ce4698ac72a5\" href=\"https:\/\/primariachitila.ro\/new\/wp-content\/uploads\/2025\/11\/Anunt-privind-depunerea-Criterii-documente-necesare-cerere_4.pdf\">Anun\u021b privind depunerea Criterii + documente necesare + cerere_4<\/a><a href=\"https:\/\/primariachitila.ro\/new\/wp-content\/uploads\/2025\/11\/Anunt-privind-depunerea-Criterii-documente-necesare-cerere_4.pdf\" class=\"wp-block-file__button wp-element-button\" download aria-describedby=\"wp-block-file--media-1ca8a2ed-dc21-4a79-a85c-ce4698ac72a5\">Descarc\u0103<\/a><\/div>\n\n\n\n<div class=\"wp-block-file\"><a id=\"wp-block-file--media-e6117e77-eca6-472a-8e7e-ac5eb9cb3985\" href=\"https:\/\/primariachitila.ro\/new\/wp-content\/uploads\/2025\/11\/prezentare-detaliata-documente-anl.docx\">prezentare detaliata documente anl<\/a><a href=\"https:\/\/primariachitila.ro\/new\/wp-content\/uploads\/2025\/11\/prezentare-detaliata-documente-anl.docx\" class=\"wp-block-file__button wp-element-button\" download aria-describedby=\"wp-block-file--media-e6117e77-eca6-472a-8e7e-ac5eb9cb3985\">Descarc\u0103<\/a><\/div>\n","protected":false},"excerpt":{"rendered":"<p>ANUN\u021a PRIVIND DEPUNEREA CERERILOR \u00ceN VEDEREA REPARTIZ\u0102RII LOCUIN\u021aE PENTRU TINERI (ANL) Av\u00e2nd \u00een vedere: &#8211; Legea nr.152\/1998 privind \u00eenfiin\u021barea Agen\u021biei Na\u021bionale pentru Locuin\u021be, cu modific\u0103rile \u0219i complet\u0103rile ulterioare; &#8211; Normele metodologice pentru punerea \u00een aplicare a prevederilor Legii nr.152\/1998 privind \u00eenfiin\u021barea Agen\u021biei Na\u021bionale pentru Locuin\u021be, aprobate prin Hot\u0103r\u00e2rea Guvernului nr.962\/2001, cu modific\u0103rile \u0219i complet\u0103rile ulterioare; [&hellip;]<\/p>\n","protected":false},"author":6,"featured_media":26774,"comment_status":"open","ping_status":"closed","sticky":false,"template":"","format":"standard","meta":{"footnotes":""},"categories":[130],"tags":[],"class_list":["post-27065","post","type-post","status-publish","format-standard","has-post-thumbnail","hentry","category-stiri"],"_links":{"self":[{"href":"https:\/\/primariachitila.ro\/new\/wp-json\/wp\/v2\/posts\/27065","targetHints":{"allow":["GET"]}}],"collection":[{"href":"https:\/\/primariachitila.ro\/new\/wp-json\/wp\/v2\/posts"}],"about":[{"href":"https:\/\/primariachitila.ro\/new\/wp-json\/wp\/v2\/types\/post"}],"author":[{"embeddable":true,"href":"https:\/\/primariachitila.ro\/new\/wp-json\/wp\/v2\/users\/6"}],"replies":[{"embeddable":true,"href":"https:\/\/primariachitila.ro\/new\/wp-json\/wp\/v2\/comments?post=27065"}],"version-history":[{"count":1,"href":"https:\/\/primariachitila.ro\/new\/wp-json\/wp\/v2\/posts\/27065\/revisions"}],"predecessor-version":[{"id":27068,"href":"https:\/\/primariachitila.ro\/new\/wp-json\/wp\/v2\/posts\/27065\/revisions\/27068"}],"wp:featuredmedia":[{"embeddable":true,"href":"https:\/\/primariachitila.ro\/new\/wp-json\/wp\/v2\/media\/26774"}],"wp:attachment":[{"href":"https:\/\/primariachitila.ro\/new\/wp-json\/wp\/v2\/media?parent=27065"}],"wp:term":[{"taxonomy":"category","embeddable":true,"href":"https:\/\/primariachitila.ro\/new\/wp-json\/wp\/v2\/categories?post=27065"},{"taxonomy":"post_tag","embeddable":true,"href":"https:\/\/primariachitila.ro\/new\/wp-json\/wp\/v2\/tags?post=27065"}],"curies":[{"name":"wp","href":"https:\/\/api.w.org\/{rel}","templated":true}]}}