{"id":27069,"date":"2023-11-14T11:02:44","date_gmt":"2023-11-14T11:02:44","guid":{"rendered":"https:\/\/primariachitila.ro\/new\/?p=27069"},"modified":"2025-11-13T13:36:29","modified_gmt":"2025-11-13T13:36:29","slug":"adopta-un-catel-24","status":"publish","type":"post","link":"https:\/\/primariachitila.ro\/new\/2023\/11\/14\/adopta-un-catel-24\/","title":{"rendered":"ADOPT\u0102 UN C\u0102\u021aEL!"},"content":{"rendered":"\n<p>ADOPT\u0102<\/p>\n\n\n\n<p>Salveaz\u0103 o via\u021b\u0103, adopt\u00e2nd un suflet!<\/p>\n\n\n\n<p>C\u00e2\u0219tig\u0103 un prieten pe via\u021b\u0103!<\/p>\n\n\n\n<p>Campanie ini\u021biat\u0103 de Prim\u0103ria Ora\u0219ului Chitila<\/p>\n\n\n\n<p>C\u00e2ini captura\u021bi \u00een data de 13.11.2023<\/p>\n\n\n\n<p>Mascul 5 ani, culoare&nbsp; negru cu o dung\u0103 sub\u021bire alb\u0103 pe piept, talie mare, stare general\u0103 moderat\u0103, examen clinic s\u0103n\u0103tos, num\u0103r de identificare 630;<\/p>\n\n\n\n<p>Femel\u0103 3 ani, culoare negru, talie mic\u0103, stare general\u0103 moderat\u0103, examen clinic s\u0103n\u0103tos, num\u0103r de identificare 631;<\/p>\n\n\n\n<p>Femel\u0103 4 luni culoare negru cu l\u0103bu\u021be albe cu galben, talie mic\u0103, stare general\u0103 moderat\u0103, examen clinic s\u0103n\u0103tos, num\u0103r de identificare 632;<\/p>\n\n\n\n<p>Mascul 4 luni, culoare galben, talie mic\u0103, stare general\u0103 moderat\u0103, examen clinic s\u0103n\u0103tos, num\u0103r de identificare 633;<\/p>\n\n\n\n<p>Mascul 4 luni, culoare alb cu pete maro, talie mic\u0103, stare general\u0103 moderat\u0103, examen clinic s\u0103n\u0103tos, num\u0103r de identificare 634;<\/p>\n\n\n\n<p>Mascul 5 luni, culoare galben, talie mic\u0103, stare general\u0103 moderat\u0103, examen clinic s\u0103n\u0103tos, num\u0103r de identificare 635;<\/p>\n\n\n\n<p>Femel\u0103 4 luni, culoare&nbsp; gri &#8211; bej, talie mica, stare general\u0103 moderat\u0103, examen clinic s\u0103n\u0103tos, num\u0103r de identificare 636;<\/p>\n\n\n\n<p>Mascul 4 luni, culoare gri, talie mic\u0103, stare general\u0103 moderat\u0103, examen clinic s\u0103n\u0103tos, num\u0103r de identificare 637;<\/p>\n\n\n\n<p>Mascul 4 luni culoare gri, talie mic\u0103, stare general\u0103 moderat\u0103, examen clinic s\u0103n\u0103tos, num\u0103r de identificare 638;<\/p>\n\n\n\n<p>Femel\u0103 4 luni, culoare alb cu pete negre, talie mic\u0103, stare general\u0103 moderat\u0103, examen clinic s\u0103n\u0103tos, num\u0103r de identificare 639;<\/p>\n\n\n\n<p>Femel\u0103 4 luni, culoare gri, talie mic\u0103, stare general\u0103 moderat\u0103, examen clinic s\u0103n\u0103tos, num\u0103r de identificare 640;<\/p>\n\n\n\n<p>Femel\u0103 3 luni, culoare gri galben, talie mic\u0103, stare general\u0103 moderat\u0103, examen clinic s\u0103n\u0103tos, num\u0103r de identificare 641;<\/p>\n\n\n\n<p>Mascul 3 luni, culoare gri- galben, talie mic\u0103, stare general\u0103 moderat\u0103, examen clinic s\u0103n\u0103tos, num\u0103r de identificare 642;<\/p>\n\n\n\n<p>Femel\u0103 3 luni, culoare gri , talie mic\u0103, stare general\u0103 moderat\u0103, examen clinic s\u0103n\u0103tos, num\u0103r de identificare 643.<\/p>\n\n\n\n<p>C\u00e2ini captura\u021bi \u00een data de 10.11.2023<\/p>\n\n\n\n<p>Femel\u0103&nbsp; 3 luni, culoare alb cu negru, talie mic\u0103, stare general\u0103 moderat\u0103, examen clinic s\u0103n\u0103tos, num\u0103r de identificare 628;<\/p>\n\n\n\n<p>Femel\u0103 3 luni, culoare negru cu piept alb, talie mic\u0103, stare general\u0103 moderat\u0103, examen clinic s\u0103n\u0103tos, num\u0103r de identificare 627;<\/p>\n\n\n\n<p>Femel\u0103 3 luni culoare negru, talie mic\u0103, stare general\u0103 moderat\u0103, examen clinic s\u0103n\u0103tos,num\u0103r de identificare 626;<\/p>\n\n\n\n<p>Femel\u0103 3 luni, culoare maro,talie mic\u0103, stare general\u0103 moderat\u0103, examen clinic s\u0103n\u0103tos,num\u0103r de identificare 625;<\/p>\n\n\n\n<p>Femel\u0103 3 luni, culoare maro, talie mic\u0103, stare general\u0103 moderat\u0103, examen clinic s\u0103n\u0103tos,num\u0103r de identificare 624;<\/p>\n\n\n\n<p>Femel\u0103 3 luni, culoare negru labu\u021be albe, talie mic\u0103, stare general\u0103 moderat\u0103, examen clinic s\u0103n\u0103tos,num\u0103r de identificare 623.<\/p>\n","protected":false},"excerpt":{"rendered":"<p>ADOPT\u0102 Salveaz\u0103 o via\u021b\u0103, adopt\u00e2nd un suflet! C\u00e2\u0219tig\u0103 un prieten pe via\u021b\u0103! Campanie ini\u021biat\u0103 de Prim\u0103ria Ora\u0219ului Chitila C\u00e2ini captura\u021bi \u00een data de 13.11.2023 Mascul 5 ani, culoare&nbsp; negru cu o dung\u0103 sub\u021bire alb\u0103 pe piept, talie mare, stare general\u0103 moderat\u0103, examen clinic s\u0103n\u0103tos, num\u0103r de identificare 630; Femel\u0103 3 ani, culoare negru, talie mic\u0103, [&hellip;]<\/p>\n","protected":false},"author":6,"featured_media":26732,"comment_status":"open","ping_status":"closed","sticky":false,"template":"","format":"standard","meta":{"footnotes":""},"categories":[130],"tags":[],"class_list":["post-27069","post","type-post","status-publish","format-standard","has-post-thumbnail","hentry","category-stiri"],"_links":{"self":[{"href":"https:\/\/primariachitila.ro\/new\/wp-json\/wp\/v2\/posts\/27069","targetHints":{"allow":["GET"]}}],"collection":[{"href":"https:\/\/primariachitila.ro\/new\/wp-json\/wp\/v2\/posts"}],"about":[{"href":"https:\/\/primariachitila.ro\/new\/wp-json\/wp\/v2\/types\/post"}],"author":[{"embeddable":true,"href":"https:\/\/primariachitila.ro\/new\/wp-json\/wp\/v2\/users\/6"}],"replies":[{"embeddable":true,"href":"https:\/\/primariachitila.ro\/new\/wp-json\/wp\/v2\/comments?post=27069"}],"version-history":[{"count":1,"href":"https:\/\/primariachitila.ro\/new\/wp-json\/wp\/v2\/posts\/27069\/revisions"}],"predecessor-version":[{"id":27070,"href":"https:\/\/primariachitila.ro\/new\/wp-json\/wp\/v2\/posts\/27069\/revisions\/27070"}],"wp:featuredmedia":[{"embeddable":true,"href":"https:\/\/primariachitila.ro\/new\/wp-json\/wp\/v2\/media\/26732"}],"wp:attachment":[{"href":"https:\/\/primariachitila.ro\/new\/wp-json\/wp\/v2\/media?parent=27069"}],"wp:term":[{"taxonomy":"category","embeddable":true,"href":"https:\/\/primariachitila.ro\/new\/wp-json\/wp\/v2\/categories?post=27069"},{"taxonomy":"post_tag","embeddable":true,"href":"https:\/\/primariachitila.ro\/new\/wp-json\/wp\/v2\/tags?post=27069"}],"curies":[{"name":"wp","href":"https:\/\/api.w.org\/{rel}","templated":true}]}}