{"id":27078,"date":"2023-09-13T11:04:30","date_gmt":"2023-09-13T11:04:30","guid":{"rendered":"https:\/\/primariachitila.ro\/new\/?p=27078"},"modified":"2025-11-13T13:36:29","modified_gmt":"2025-11-13T13:36:29","slug":"anunt","status":"publish","type":"post","link":"https:\/\/primariachitila.ro\/new\/2023\/09\/13\/anunt\/","title":{"rendered":"Anun\u021b!"},"content":{"rendered":"\n<p><strong>Anun\u021b!<\/strong><\/p>\n\n\n\n<p>&nbsp; &nbsp; &nbsp; &nbsp; &nbsp;V\u0103 aducem la cunostin\u021b\u0103 criteriile pentru stabilirea ordinii de prioritate \u00een solu\u021bionarea cererilor de locuin\u021be \u0219i \u00een repartizarea locuin\u021belor pentru tineri, destinate \u00eenchirierii, \u00een ora\u0219 Chitila, cu men\u021biunea c\u0103 p\u00e2n\u0103 la acest moment nu a fost stabilit graficul referitor la perioada de depunere a cererilor \u0219i perioada de analizare a dosarelor depuse. Dup\u0103 aprobarea acestor grafice prin Hot\u0103r\u00e2re de Consiliu Local va fi anun\u021bat\u0103 data de la care pot fi primite.<\/p>\n\n\n\n<div data-wp-interactive=\"core\/file\" class=\"wp-block-file\"><object data-wp-bind--hidden=\"!state.hasPdfPreview\" hidden class=\"wp-block-file__embed\" data=\"https:\/\/primariachitila.ro\/new\/wp-content\/uploads\/2025\/11\/HCL-nr.117-din-23.08.2023-privind-aprobarea-Criteriilor-pentru-stabilirea-ordinii-de-prioritate-in-solutionarea-cererilor-de-locuinte-si-in-repartizarea-locuintelor-pentru-tineri_0.pdf\" type=\"application\/pdf\" style=\"width:100%;height:600px\" aria-label=\"\u00cenglobare pentru HCL nr.117 din 23.08.2023 privind aprobarea Criteriilor pentru stabilirea ordinii de prioritate \u00een solu\u021bionarea cererilor de locuin\u021be \u0219i \u00een repartizarea locuin\u021belor pentru tineri_0.\"><\/object><a id=\"wp-block-file--media-91999535-f430-4ae7-9a82-3e804351ad34\" href=\"https:\/\/primariachitila.ro\/new\/wp-content\/uploads\/2025\/11\/HCL-nr.117-din-23.08.2023-privind-aprobarea-Criteriilor-pentru-stabilirea-ordinii-de-prioritate-in-solutionarea-cererilor-de-locuinte-si-in-repartizarea-locuintelor-pentru-tineri_0.pdf\">HCL nr.117 din 23.08.2023 privind aprobarea Criteriilor pentru stabilirea ordinii de prioritate \u00een solu\u021bionarea cererilor de locuin\u021be \u0219i \u00een repartizarea locuin\u021belor pentru tineri_0<\/a><a href=\"https:\/\/primariachitila.ro\/new\/wp-content\/uploads\/2025\/11\/HCL-nr.117-din-23.08.2023-privind-aprobarea-Criteriilor-pentru-stabilirea-ordinii-de-prioritate-in-solutionarea-cererilor-de-locuinte-si-in-repartizarea-locuintelor-pentru-tineri_0.pdf\" class=\"wp-block-file__button wp-element-button\" download aria-describedby=\"wp-block-file--media-91999535-f430-4ae7-9a82-3e804351ad34\">Descarc\u0103<\/a><\/div>\n","protected":false},"excerpt":{"rendered":"<p>Anun\u021b! &nbsp; &nbsp; &nbsp; &nbsp; &nbsp;V\u0103 aducem la cunostin\u021b\u0103 criteriile pentru stabilirea ordinii de prioritate \u00een solu\u021bionarea cererilor de locuin\u021be \u0219i \u00een repartizarea locuin\u021belor pentru tineri, destinate \u00eenchirierii, \u00een ora\u0219 Chitila, cu men\u021biunea c\u0103 p\u00e2n\u0103 la acest moment nu a fost stabilit graficul referitor la perioada de depunere a cererilor \u0219i perioada de analizare a [&hellip;]<\/p>\n","protected":false},"author":6,"featured_media":26774,"comment_status":"open","ping_status":"closed","sticky":false,"template":"","format":"standard","meta":{"footnotes":""},"categories":[130],"tags":[],"class_list":["post-27078","post","type-post","status-publish","format-standard","has-post-thumbnail","hentry","category-stiri"],"_links":{"self":[{"href":"https:\/\/primariachitila.ro\/new\/wp-json\/wp\/v2\/posts\/27078","targetHints":{"allow":["GET"]}}],"collection":[{"href":"https:\/\/primariachitila.ro\/new\/wp-json\/wp\/v2\/posts"}],"about":[{"href":"https:\/\/primariachitila.ro\/new\/wp-json\/wp\/v2\/types\/post"}],"author":[{"embeddable":true,"href":"https:\/\/primariachitila.ro\/new\/wp-json\/wp\/v2\/users\/6"}],"replies":[{"embeddable":true,"href":"https:\/\/primariachitila.ro\/new\/wp-json\/wp\/v2\/comments?post=27078"}],"version-history":[{"count":1,"href":"https:\/\/primariachitila.ro\/new\/wp-json\/wp\/v2\/posts\/27078\/revisions"}],"predecessor-version":[{"id":27080,"href":"https:\/\/primariachitila.ro\/new\/wp-json\/wp\/v2\/posts\/27078\/revisions\/27080"}],"wp:featuredmedia":[{"embeddable":true,"href":"https:\/\/primariachitila.ro\/new\/wp-json\/wp\/v2\/media\/26774"}],"wp:attachment":[{"href":"https:\/\/primariachitila.ro\/new\/wp-json\/wp\/v2\/media?parent=27078"}],"wp:term":[{"taxonomy":"category","embeddable":true,"href":"https:\/\/primariachitila.ro\/new\/wp-json\/wp\/v2\/categories?post=27078"},{"taxonomy":"post_tag","embeddable":true,"href":"https:\/\/primariachitila.ro\/new\/wp-json\/wp\/v2\/tags?post=27078"}],"curies":[{"name":"wp","href":"https:\/\/api.w.org\/{rel}","templated":true}]}}