{"id":27081,"date":"2023-09-11T11:05:01","date_gmt":"2023-09-11T11:05:01","guid":{"rendered":"https:\/\/primariachitila.ro\/new\/?p=27081"},"modified":"2025-11-13T13:36:29","modified_gmt":"2025-11-13T13:36:29","slug":"adopta-un-catel-27","status":"publish","type":"post","link":"https:\/\/primariachitila.ro\/new\/2023\/09\/11\/adopta-un-catel-27\/","title":{"rendered":"ADOPT\u0102 UN C\u0102\u021aEL!"},"content":{"rendered":"\n<p>ADOPT\u0102<\/p>\n\n\n\n<p>Salveaz\u0103 o via\u021b\u0103, adopt\u00e2nd un suflet!<\/p>\n\n\n\n<p>C\u00e2\u0219tig\u0103 un prieten pe via\u021b\u0103!<\/p>\n\n\n\n<p>Campanie ini\u021biat\u0103 de Prim\u0103ria Ora\u0219ului Chitila<\/p>\n\n\n\n<p>Captura\u021bi \u00een dat de 05.09.2023<\/p>\n\n\n\n<p>1.Femel\u0103 3 luni, culoare negru , talie mic\u0103, stare general\u0103 moderat\u0103, examen clinic s\u0103n\u0103tos, fi\u0219e capturare nr. 462<\/p>\n\n\n\n<p>2.Mascul 3 luni, culoare negru cu labe&nbsp; galbene, talie mic\u0103, stare general\u0103 moderat\u0103 , examen clinic s\u0103n\u0103tos; fi\u0219e capturare nr. 463<\/p>\n\n\n\n<p>3.Mascul 3 luni, culoare negru, talie mic\u0103, stare general\u0103 moderat\u0103, examen clinic s\u0103n\u0103tos; fi\u0219e capturare nr. 464<\/p>\n\n\n\n<p>4.Femel\u0103 3 luni,culoare negru, talie mic\u0103, stare general\u0103 moderat\u0103, examen clinic s\u0103n\u0103tos, fi\u0219e capturare nr.&nbsp; 465<\/p>\n\n\n\n<p>5.Mascul 3 luni, culoare negru, talie mic\u0103, stare general\u0103 moderat\u0103, examen clinic s\u0103n\u0103tos, fi\u0219e capturare nr.&nbsp; 466<\/p>\n\n\n\n<p>6.Mascul 3 ani, culoare gri cu labe albe, talie mijlocie, stare general\u0103 moderat\u0103, examen clinic s\u0103n\u0103tos, fi\u0219e capturare nr. 467<\/p>\n\n\n\n<p>7.Femel\u0103 3 ani, culoare alb cu negru, urechii negre, talie mijlocie,stare general\u0103 moderat\u0103, examen clinic s\u0103n\u0103tos; fi\u0219e capturare nr. 468<\/p>\n\n\n\n<p>8.Femel\u0103 4 ani, culoare gri, guler alb, labe albe, talie mijlocie, stare general\u0103 moderat\u0103, examen clinic s\u0103n\u0103tos; fi\u0219e capturare nr. 469;<\/p>\n\n\n\n<p>9.Mascul 3 ani, culoare negru, talie mijlocie, stare general\u0103 moderat\u0103, examen clinic s\u0103n\u0103tos; fi\u0219e capturare nr. 470<\/p>\n\n\n\n<p>10.Mascul 4 ani, culoare negru cu galben, talie mijlocie, stare general\u0103 moderat\u0103, examen clinic s\u0103n\u0103tos fi\u0219e capturare nr. 471<\/p>\n\n\n\n<p>11.Mascul 4 ani, culoare alb, jum\u0103tate corp negru , pat\u0103 neagr\u0103 pe corp, talie mijlocie, stare general\u0103 moderat\u0103, examen clinic s\u0103n\u0103tos; fi\u0219e capturare nr. 472<\/p>\n\n\n\n<p>12.Mascul 3 ani, culoare gri lupin, blan\u0103 mare, talie mijlocie, stare general\u0103 moderat\u0103, examen clinic s\u0103n\u0103tos fi\u0219e capturare nr. 473<\/p>\n\n\n\n<p>13.Mascul 4 ani,culoare alb , cap galben, cu pete galbene, talie mijlocie, stare general moderat\u0103, examen clinic s\u0103n\u0103tos,fi\u0219e capturare 474<\/p>\n\n\n\n<p>14.Femel\u0103 3 ani, culoare&nbsp; galben\u0103 , talie mijlocie, stare general\u0103 moderat\u0103, examen clinic s\u0103n\u0103tos fi\u0219e capturare nr.475<\/p>\n\n\n\n<p>15.Mascul 5ani, culoare alb , blan\u0103 mare, urechi negre&nbsp; , talie mijlocie, stare general\u0103 moderat\u0103, examen clinic s\u0103n\u0103tos, fi\u0219e capturare nr. 476<\/p>\n","protected":false},"excerpt":{"rendered":"<p>ADOPT\u0102 Salveaz\u0103 o via\u021b\u0103, adopt\u00e2nd un suflet! C\u00e2\u0219tig\u0103 un prieten pe via\u021b\u0103! Campanie ini\u021biat\u0103 de Prim\u0103ria Ora\u0219ului Chitila Captura\u021bi \u00een dat de 05.09.2023 1.Femel\u0103 3 luni, culoare negru , talie mic\u0103, stare general\u0103 moderat\u0103, examen clinic s\u0103n\u0103tos, fi\u0219e capturare nr. 462 2.Mascul 3 luni, culoare negru cu labe&nbsp; galbene, talie mic\u0103, stare general\u0103 moderat\u0103 , [&hellip;]<\/p>\n","protected":false},"author":6,"featured_media":26732,"comment_status":"open","ping_status":"closed","sticky":false,"template":"","format":"standard","meta":{"footnotes":""},"categories":[130],"tags":[],"class_list":["post-27081","post","type-post","status-publish","format-standard","has-post-thumbnail","hentry","category-stiri"],"_links":{"self":[{"href":"https:\/\/primariachitila.ro\/new\/wp-json\/wp\/v2\/posts\/27081","targetHints":{"allow":["GET"]}}],"collection":[{"href":"https:\/\/primariachitila.ro\/new\/wp-json\/wp\/v2\/posts"}],"about":[{"href":"https:\/\/primariachitila.ro\/new\/wp-json\/wp\/v2\/types\/post"}],"author":[{"embeddable":true,"href":"https:\/\/primariachitila.ro\/new\/wp-json\/wp\/v2\/users\/6"}],"replies":[{"embeddable":true,"href":"https:\/\/primariachitila.ro\/new\/wp-json\/wp\/v2\/comments?post=27081"}],"version-history":[{"count":1,"href":"https:\/\/primariachitila.ro\/new\/wp-json\/wp\/v2\/posts\/27081\/revisions"}],"predecessor-version":[{"id":27082,"href":"https:\/\/primariachitila.ro\/new\/wp-json\/wp\/v2\/posts\/27081\/revisions\/27082"}],"wp:featuredmedia":[{"embeddable":true,"href":"https:\/\/primariachitila.ro\/new\/wp-json\/wp\/v2\/media\/26732"}],"wp:attachment":[{"href":"https:\/\/primariachitila.ro\/new\/wp-json\/wp\/v2\/media?parent=27081"}],"wp:term":[{"taxonomy":"category","embeddable":true,"href":"https:\/\/primariachitila.ro\/new\/wp-json\/wp\/v2\/categories?post=27081"},{"taxonomy":"post_tag","embeddable":true,"href":"https:\/\/primariachitila.ro\/new\/wp-json\/wp\/v2\/tags?post=27081"}],"curies":[{"name":"wp","href":"https:\/\/api.w.org\/{rel}","templated":true}]}}