{"id":27085,"date":"2023-08-28T11:05:46","date_gmt":"2023-08-28T11:05:46","guid":{"rendered":"https:\/\/primariachitila.ro\/new\/?p=27085"},"modified":"2025-11-13T13:36:35","modified_gmt":"2025-11-13T13:36:35","slug":"angajare-asistenti-maternali-profesionisti","status":"publish","type":"post","link":"https:\/\/primariachitila.ro\/new\/2023\/08\/28\/angajare-asistenti-maternali-profesionisti\/","title":{"rendered":"ANGAJARE ASISTEN\u021aI MATERNALI PROFESIONI\u0218TI"},"content":{"rendered":"\n<p>DIREC\u021aIA GENERAL\u0102 DE ASISTEN\u021a\u0102 SOCIAL\u0102 \u0218I PROTEC\u021aIA COPILULUI ILFOV, a demarat campania de recrutare \u0219i de identificare a persoanelor care sunt interesate de PROFESIA DE ASISTENT MATERNAL PROFESIONIST, \u00een cadrul proiectului ,,TEAM-UP: Progres \u00een calitatea \u00eengrijirii alternative a copiilor,,.<br>Asistentul maternal profesionist este persoana fizic\u0103, atestat\u0103 \u00een condi\u021biile legii, care asigur\u0103 prin activitatea pe care o desf\u0103\u0219oar\u0103 la domiciliul s\u0103u, cre\u0219terea, \u00eengrijirea \u0219i educarea, necesar\u0103 dezvolt\u0103rii armonioase a copiilor pe care \u00eei prime\u0219te \u00een plasament.<br>Informa\u021bii suplimentare privind procedura de ob\u021binere a atestatului de asistent maternal profesionist, pot fi ob\u021binute prin intermediul Serviciului Evaluare, Consiliere \u0219i Sprijin pentru Asisten\u021bii Maternali din cadrul D.G.A.S.P.C ILFOV, B-dul Voluntari, nr.94-96, Voluntari, Ilfov, tel.021.3695.887. int 118, e-mail: dgaspcif@protectiacopilului.ro.<\/p>\n\n\n\n<div data-wp-interactive=\"core\/file\" class=\"wp-block-file\"><object data-wp-bind--hidden=\"!state.hasPdfPreview\" hidden class=\"wp-block-file__embed\" data=\"https:\/\/primariachitila.ro\/new\/wp-content\/uploads\/2025\/11\/Anunt-angajare-AM.pdf\" type=\"application\/pdf\" style=\"width:100%;height:600px\" aria-label=\"\u00cenglobare pentru Anunt angajare AM.\"><\/object><a id=\"wp-block-file--media-6c351c86-757c-45ab-bd16-c03bc073fba4\" href=\"https:\/\/primariachitila.ro\/new\/wp-content\/uploads\/2025\/11\/Anunt-angajare-AM.pdf\">Anunt angajare AM<\/a><a href=\"https:\/\/primariachitila.ro\/new\/wp-content\/uploads\/2025\/11\/Anunt-angajare-AM.pdf\" class=\"wp-block-file__button wp-element-button\" download aria-describedby=\"wp-block-file--media-6c351c86-757c-45ab-bd16-c03bc073fba4\">Descarc\u0103<\/a><\/div>\n","protected":false},"excerpt":{"rendered":"<p>DIREC\u021aIA GENERAL\u0102 DE ASISTEN\u021a\u0102 SOCIAL\u0102 \u0218I PROTEC\u021aIA COPILULUI ILFOV, a demarat campania de recrutare \u0219i de identificare a persoanelor care sunt interesate de PROFESIA DE ASISTENT MATERNAL PROFESIONIST, \u00een cadrul proiectului ,,TEAM-UP: Progres \u00een calitatea \u00eengrijirii alternative a copiilor,,.Asistentul maternal profesionist este persoana fizic\u0103, atestat\u0103 \u00een condi\u021biile legii, care asigur\u0103 prin activitatea pe care o [&hellip;]<\/p>\n","protected":false},"author":6,"featured_media":26774,"comment_status":"open","ping_status":"closed","sticky":false,"template":"","format":"standard","meta":{"footnotes":""},"categories":[130],"tags":[],"class_list":["post-27085","post","type-post","status-publish","format-standard","has-post-thumbnail","hentry","category-stiri"],"_links":{"self":[{"href":"https:\/\/primariachitila.ro\/new\/wp-json\/wp\/v2\/posts\/27085","targetHints":{"allow":["GET"]}}],"collection":[{"href":"https:\/\/primariachitila.ro\/new\/wp-json\/wp\/v2\/posts"}],"about":[{"href":"https:\/\/primariachitila.ro\/new\/wp-json\/wp\/v2\/types\/post"}],"author":[{"embeddable":true,"href":"https:\/\/primariachitila.ro\/new\/wp-json\/wp\/v2\/users\/6"}],"replies":[{"embeddable":true,"href":"https:\/\/primariachitila.ro\/new\/wp-json\/wp\/v2\/comments?post=27085"}],"version-history":[{"count":1,"href":"https:\/\/primariachitila.ro\/new\/wp-json\/wp\/v2\/posts\/27085\/revisions"}],"predecessor-version":[{"id":27087,"href":"https:\/\/primariachitila.ro\/new\/wp-json\/wp\/v2\/posts\/27085\/revisions\/27087"}],"wp:featuredmedia":[{"embeddable":true,"href":"https:\/\/primariachitila.ro\/new\/wp-json\/wp\/v2\/media\/26774"}],"wp:attachment":[{"href":"https:\/\/primariachitila.ro\/new\/wp-json\/wp\/v2\/media?parent=27085"}],"wp:term":[{"taxonomy":"category","embeddable":true,"href":"https:\/\/primariachitila.ro\/new\/wp-json\/wp\/v2\/categories?post=27085"},{"taxonomy":"post_tag","embeddable":true,"href":"https:\/\/primariachitila.ro\/new\/wp-json\/wp\/v2\/tags?post=27085"}],"curies":[{"name":"wp","href":"https:\/\/api.w.org\/{rel}","templated":true}]}}