{"id":27095,"date":"2023-03-22T11:07:26","date_gmt":"2023-03-22T11:07:26","guid":{"rendered":"https:\/\/primariachitila.ro\/new\/?p=27095"},"modified":"2025-11-13T13:36:35","modified_gmt":"2025-11-13T13:36:35","slug":"noua-scoala-gimnaziala-a-fost-receptionata","status":"publish","type":"post","link":"https:\/\/primariachitila.ro\/new\/2023\/03\/22\/noua-scoala-gimnaziala-a-fost-receptionata\/","title":{"rendered":"Noua \u0218coal\u0103 Gimnazial\u0103 a fost recep\u021bionat\u0103"},"content":{"rendered":"\n<p>Mesajul domnului Primar:<\/p>\n\n\n\n<p>\u201eDragi concet\u0103\u021beni,<\/p>\n\n\n\n<p>Am bucuria de a v\u0103 anun\u021ba c\u0103 zilele trecute am f\u0103cut recep\u021bia noii \u0219coli gimnaziale din Chitila, destinat\u0103 unui num\u0103r de 648 de copii de v\u00e2rst\u0103 \u0219colar\u0103 (6-14 ani), care dispune de 28 s\u0103li de clas\u0103, 4 laboratoare, bibliotec\u0103, sal\u0103 de lectur\u0103, sal\u0103 multifunc\u021bional\u0103 (250 mp), ad\u0103post ALA, sal\u0103 de sport (850 mp) cu tribun\u0103 de 120 de locuri, loc de joac\u0103 pentru pre\u0219colari, teren multisport exterior cu suprafa\u021b\u0103 de tartan \u0219i graden\u0103<\/p>\n\n\n\n<p>\u00cen cadrul acestei \u0219coli minimum 54 de copii vor beneficia \u0219i de programul &#8222;\u0218coal\u0103 dup\u0103 \u0219coal\u0103&#8221;, iar pentru alte minimum 14 persoane care au abandonat studiile se vor dezvolta programe de educa\u021bie de tipul &#8222;A doua \u0219ans\u0103&#8221;. Astfel, de noua infrastructur\u0103 vor beneficia \u00een total cel pu\u021bin 662 persoane.<\/p>\n\n\n\n<p>Aici vor preda 32 de cadre didactice pentru \u00eenv\u0103\u021b\u0103m\u00e2ntul gimnazial \u0219i 6 speciali\u0219ti din personalul specializat al \u0219colii. \u00cen plus, aceast\u0103 \u0219coal\u0103 nu doar c\u0103 va acoperi nevoile curente de educa\u021bie pentru copiii din ora\u0219ul nostru &#8211; dotarea material\u0103 a \u0219colii, a laboratoarelor de fizic\u0103, chimie \u0219i informatic\u0103, materialele educa\u021bionale necesare etc &#8211; \u00eens\u0103 va r\u0103spunde \u0219i la cerin\u021bele elevilor cu nevoi speciale. Am urm\u0103rit realizarea unui spa\u021biu pl\u0103cut \u0219i eficient care s\u0103 cuprind\u0103 toate dot\u0103rile specifice unei \u0219coli gimnaziale ultramoderne, unde copiii s\u0103 beneficieze at\u00e2t de avantajele unui act educa\u021bional de calitate, c\u00e2t \u0219i de activit\u0103\u021bi recrea\u021bionale de actualitate.<\/p>\n\n\n\n<p>\u00cencununarea cu succes a acestui proiect reprezint\u0103 pentru Chitila un important pas de dezvoltare \u00een termenii infrastructurii educa\u021bionale, \u00eentruc\u00e2t \u00eentotdeauna educa\u021bia cu tot ceea ce implic\u0103 ea pentru beneficiarii direc\u021bi va r\u0103m\u00e2ne o prioritate pentru noi.\u201d<\/p>\n\n\n\n<figure class=\"wp-block-video\"><video height=\"1080\" style=\"aspect-ratio: 1920 \/ 1080;\" width=\"1920\" controls src=\"https:\/\/primariachitila.ro\/new\/wp-content\/uploads\/2025\/11\/Video-2-Chitila-Project.mp4\"><\/video><\/figure>\n","protected":false},"excerpt":{"rendered":"<p>Mesajul domnului Primar: \u201eDragi concet\u0103\u021beni, Am bucuria de a v\u0103 anun\u021ba c\u0103 zilele trecute am f\u0103cut recep\u021bia noii \u0219coli gimnaziale din Chitila, destinat\u0103 unui num\u0103r de 648 de copii de v\u00e2rst\u0103 \u0219colar\u0103 (6-14 ani), care dispune de 28 s\u0103li de clas\u0103, 4 laboratoare, bibliotec\u0103, sal\u0103 de lectur\u0103, sal\u0103 multifunc\u021bional\u0103 (250 mp), ad\u0103post ALA, sal\u0103 de [&hellip;]<\/p>\n","protected":false},"author":6,"featured_media":26774,"comment_status":"open","ping_status":"closed","sticky":false,"template":"","format":"standard","meta":{"footnotes":""},"categories":[130],"tags":[],"class_list":["post-27095","post","type-post","status-publish","format-standard","has-post-thumbnail","hentry","category-stiri"],"_links":{"self":[{"href":"https:\/\/primariachitila.ro\/new\/wp-json\/wp\/v2\/posts\/27095","targetHints":{"allow":["GET"]}}],"collection":[{"href":"https:\/\/primariachitila.ro\/new\/wp-json\/wp\/v2\/posts"}],"about":[{"href":"https:\/\/primariachitila.ro\/new\/wp-json\/wp\/v2\/types\/post"}],"author":[{"embeddable":true,"href":"https:\/\/primariachitila.ro\/new\/wp-json\/wp\/v2\/users\/6"}],"replies":[{"embeddable":true,"href":"https:\/\/primariachitila.ro\/new\/wp-json\/wp\/v2\/comments?post=27095"}],"version-history":[{"count":1,"href":"https:\/\/primariachitila.ro\/new\/wp-json\/wp\/v2\/posts\/27095\/revisions"}],"predecessor-version":[{"id":27097,"href":"https:\/\/primariachitila.ro\/new\/wp-json\/wp\/v2\/posts\/27095\/revisions\/27097"}],"wp:featuredmedia":[{"embeddable":true,"href":"https:\/\/primariachitila.ro\/new\/wp-json\/wp\/v2\/media\/26774"}],"wp:attachment":[{"href":"https:\/\/primariachitila.ro\/new\/wp-json\/wp\/v2\/media?parent=27095"}],"wp:term":[{"taxonomy":"category","embeddable":true,"href":"https:\/\/primariachitila.ro\/new\/wp-json\/wp\/v2\/categories?post=27095"},{"taxonomy":"post_tag","embeddable":true,"href":"https:\/\/primariachitila.ro\/new\/wp-json\/wp\/v2\/tags?post=27095"}],"curies":[{"name":"wp","href":"https:\/\/api.w.org\/{rel}","templated":true}]}}