{"id":27098,"date":"2022-03-21T11:07:46","date_gmt":"2022-03-21T11:07:46","guid":{"rendered":"https:\/\/primariachitila.ro\/new\/?p=27098"},"modified":"2025-11-13T13:36:35","modified_gmt":"2025-11-13T13:36:35","slug":"adopta-un-catel-30","status":"publish","type":"post","link":"https:\/\/primariachitila.ro\/new\/2022\/03\/21\/adopta-un-catel-30\/","title":{"rendered":"ADOPT\u0102 UN C\u0102\u021aEL!"},"content":{"rendered":"\n<p>ADOPT\u0102<\/p>\n\n\n\n<p>Salveaz\u0103 o via\u021b\u0103, adopt\u00e2nd un suflet!<\/p>\n\n\n\n<p>C\u00e2\u0219tig\u0103 un prieten pe via\u021b\u0103!<\/p>\n\n\n\n<p>Campanie ini\u021biat\u0103 de Prim\u0103ria Ora\u0219ului Chitila<\/p>\n\n\n\n<p>C\u00e2ni captura\u021bi \u00een data de 14.03.2023<\/p>\n\n\n\n<p>Mascul 9 ani, culoare ro\u0219u, talie mare, stare general\u0103 moderat\u0103, examen clinic s\u0103n\u0103tos, metis ;<\/p>\n\n\n\n<p>Mascul 5 ani, culoare ro\u0219u, talie mijlocie, stare general\u0103 moderat\u0103, examen clinic s\u0103n\u0103tos;<\/p>\n\n\n\n<p>Mascul 5 ani, culoare maro, talie mijlocie, stare general\u0103 moderat\u0103, examen clinic s\u0103n\u0103tos;<\/p>\n\n\n\n<p>Mascul 1 an, culoare crem, talie mijlocie, stare general\u0103 moderat\u0103, examen clinic s\u0103n\u0103tos;<\/p>\n\n\n\n<p>Femel\u0103 4 ani, culoare negru, talie mijlocie, stare general\u0103 moderat\u0103, examen clinic s\u0103n\u0103tos;<\/p>\n\n\n\n<p>Femel\u0103 4 ani, culoare&nbsp; crem, talie mijlocie, stare general\u0103 moderat\u0103, examen clinic s\u0103n\u0103tos;<\/p>\n\n\n\n<p>Femel\u0103 5 ani, culoare&nbsp; crem, talie mijlocie, stare general\u0103 moderat\u0103, examen clinic s\u0103n\u0103tos;<\/p>\n\n\n\n<p>Femel\u0103 4 ani, culoare ro\u0219u, talie mijlocie, stare general\u0103 moderat\u0103, examen clinic s\u0103n\u0103tos;<\/p>\n\n\n\n<p>Femel\u0103 5 ani, culoare negru+ ar\u0103miu talie mijlocie, stare general\u0103 moderat\u0103, examen clinic s\u0103n\u0103tos;<\/p>\n\n\n\n<p>Femel\u0103 3 ani, culoare crem+ro\u0219cat, talie mijlocie, stare general\u0103 moderat\u0103, examen clinic s\u0103n\u0103tos;<\/p>\n\n\n\n<p>Femel\u0103 2 ani, culoare negru, talie mijlocie, stare general\u0103 moderat\u0103, examen clinic s\u0103n\u0103tos;<\/p>\n\n\n\n<p>Femel\u0103 3 ani, culoare crem, talie mijlocie, stare general\u0103 moderat\u0103, examen clinic s\u0103n\u0103tos;<\/p>\n\n\n\n<p>Femel\u0103 4 ani, culoare crem, talie mijlocie, stare general\u0103 moderat\u0103, examen clinic s\u0103n\u0103tos;<\/p>\n\n\n\n<p>Femel\u0103 3 ani, culoare negru+ar\u0103miu, talie mijlocie, stare general\u0103 moderat\u0103, examen clinic s\u0103n\u0103tos;<\/p>\n\n\n\n<p>Femel\u0103 2 ani, culoare negru+gri, talie mic\u0103, stare general\u0103 moderat\u0103, examen clinic s\u0103n\u0103tos<\/p>\n\n\n\n<p><\/p>\n","protected":false},"excerpt":{"rendered":"<p>ADOPT\u0102 Salveaz\u0103 o via\u021b\u0103, adopt\u00e2nd un suflet! C\u00e2\u0219tig\u0103 un prieten pe via\u021b\u0103! Campanie ini\u021biat\u0103 de Prim\u0103ria Ora\u0219ului Chitila C\u00e2ni captura\u021bi \u00een data de 14.03.2023 Mascul 9 ani, culoare ro\u0219u, talie mare, stare general\u0103 moderat\u0103, examen clinic s\u0103n\u0103tos, metis ; Mascul 5 ani, culoare ro\u0219u, talie mijlocie, stare general\u0103 moderat\u0103, examen clinic s\u0103n\u0103tos; Mascul 5 ani, [&hellip;]<\/p>\n","protected":false},"author":6,"featured_media":26732,"comment_status":"open","ping_status":"closed","sticky":false,"template":"","format":"standard","meta":{"footnotes":""},"categories":[130],"tags":[],"class_list":["post-27098","post","type-post","status-publish","format-standard","has-post-thumbnail","hentry","category-stiri"],"_links":{"self":[{"href":"https:\/\/primariachitila.ro\/new\/wp-json\/wp\/v2\/posts\/27098","targetHints":{"allow":["GET"]}}],"collection":[{"href":"https:\/\/primariachitila.ro\/new\/wp-json\/wp\/v2\/posts"}],"about":[{"href":"https:\/\/primariachitila.ro\/new\/wp-json\/wp\/v2\/types\/post"}],"author":[{"embeddable":true,"href":"https:\/\/primariachitila.ro\/new\/wp-json\/wp\/v2\/users\/6"}],"replies":[{"embeddable":true,"href":"https:\/\/primariachitila.ro\/new\/wp-json\/wp\/v2\/comments?post=27098"}],"version-history":[{"count":1,"href":"https:\/\/primariachitila.ro\/new\/wp-json\/wp\/v2\/posts\/27098\/revisions"}],"predecessor-version":[{"id":27099,"href":"https:\/\/primariachitila.ro\/new\/wp-json\/wp\/v2\/posts\/27098\/revisions\/27099"}],"wp:featuredmedia":[{"embeddable":true,"href":"https:\/\/primariachitila.ro\/new\/wp-json\/wp\/v2\/media\/26732"}],"wp:attachment":[{"href":"https:\/\/primariachitila.ro\/new\/wp-json\/wp\/v2\/media?parent=27098"}],"wp:term":[{"taxonomy":"category","embeddable":true,"href":"https:\/\/primariachitila.ro\/new\/wp-json\/wp\/v2\/categories?post=27098"},{"taxonomy":"post_tag","embeddable":true,"href":"https:\/\/primariachitila.ro\/new\/wp-json\/wp\/v2\/tags?post=27098"}],"curies":[{"name":"wp","href":"https:\/\/api.w.org\/{rel}","templated":true}]}}