{"id":27100,"date":"2023-03-21T11:08:01","date_gmt":"2023-03-21T11:08:01","guid":{"rendered":"https:\/\/primariachitila.ro\/new\/?p=27100"},"modified":"2025-11-13T13:36:35","modified_gmt":"2025-11-13T13:36:35","slug":"adopta-un-catel-31","status":"publish","type":"post","link":"https:\/\/primariachitila.ro\/new\/2023\/03\/21\/adopta-un-catel-31\/","title":{"rendered":"ADOPT\u0102 UN C\u0102\u021aEL!"},"content":{"rendered":"\n<p>ADOPT\u0102<\/p>\n\n\n\n<p>Salveaz\u0103 o via\u021b\u0103, adopt\u00e2nd un suflet!<\/p>\n\n\n\n<p>C\u00e2\u0219tig\u0103 un prieten pe via\u021b\u0103!<\/p>\n\n\n\n<p>Campanie ini\u021biat\u0103 de Prim\u0103ria Ora\u0219ului Chitila<\/p>\n\n\n\n<p>C\u00e2ini captura\u021bi \u00een data de 08.03.2023<\/p>\n\n\n\n<p>Femel\u0103 4 ani, culoare negru +ro\u0219cat+alb, talie mijlocie, stare general\u0103 moderat\u0103, examen clinic s\u0103n\u0103tos;<\/p>\n\n\n\n<p>Femel\u0103 5 ani, culoare negru+maro, talie mare, stare general\u0103 moderat\u0103, examen clinic s\u0103n\u0103tos.<\/p>\n","protected":false},"excerpt":{"rendered":"<p>ADOPT\u0102 Salveaz\u0103 o via\u021b\u0103, adopt\u00e2nd un suflet! C\u00e2\u0219tig\u0103 un prieten pe via\u021b\u0103! Campanie ini\u021biat\u0103 de Prim\u0103ria Ora\u0219ului Chitila C\u00e2ini captura\u021bi \u00een data de 08.03.2023 Femel\u0103 4 ani, culoare negru +ro\u0219cat+alb, talie mijlocie, stare general\u0103 moderat\u0103, examen clinic s\u0103n\u0103tos; Femel\u0103 5 ani, culoare negru+maro, talie mare, stare general\u0103 moderat\u0103, examen clinic s\u0103n\u0103tos.<\/p>\n","protected":false},"author":6,"featured_media":26732,"comment_status":"open","ping_status":"closed","sticky":false,"template":"","format":"standard","meta":{"footnotes":""},"categories":[130],"tags":[],"class_list":["post-27100","post","type-post","status-publish","format-standard","has-post-thumbnail","hentry","category-stiri"],"_links":{"self":[{"href":"https:\/\/primariachitila.ro\/new\/wp-json\/wp\/v2\/posts\/27100","targetHints":{"allow":["GET"]}}],"collection":[{"href":"https:\/\/primariachitila.ro\/new\/wp-json\/wp\/v2\/posts"}],"about":[{"href":"https:\/\/primariachitila.ro\/new\/wp-json\/wp\/v2\/types\/post"}],"author":[{"embeddable":true,"href":"https:\/\/primariachitila.ro\/new\/wp-json\/wp\/v2\/users\/6"}],"replies":[{"embeddable":true,"href":"https:\/\/primariachitila.ro\/new\/wp-json\/wp\/v2\/comments?post=27100"}],"version-history":[{"count":1,"href":"https:\/\/primariachitila.ro\/new\/wp-json\/wp\/v2\/posts\/27100\/revisions"}],"predecessor-version":[{"id":27101,"href":"https:\/\/primariachitila.ro\/new\/wp-json\/wp\/v2\/posts\/27100\/revisions\/27101"}],"wp:featuredmedia":[{"embeddable":true,"href":"https:\/\/primariachitila.ro\/new\/wp-json\/wp\/v2\/media\/26732"}],"wp:attachment":[{"href":"https:\/\/primariachitila.ro\/new\/wp-json\/wp\/v2\/media?parent=27100"}],"wp:term":[{"taxonomy":"category","embeddable":true,"href":"https:\/\/primariachitila.ro\/new\/wp-json\/wp\/v2\/categories?post=27100"},{"taxonomy":"post_tag","embeddable":true,"href":"https:\/\/primariachitila.ro\/new\/wp-json\/wp\/v2\/tags?post=27100"}],"curies":[{"name":"wp","href":"https:\/\/api.w.org\/{rel}","templated":true}]}}