{"id":27106,"date":"2023-02-09T11:08:56","date_gmt":"2023-02-09T11:08:56","guid":{"rendered":"https:\/\/primariachitila.ro\/new\/?p=27106"},"modified":"2025-11-13T13:36:43","modified_gmt":"2025-11-13T13:36:43","slug":"adopta-un-catel-33","status":"publish","type":"post","link":"https:\/\/primariachitila.ro\/new\/2023\/02\/09\/adopta-un-catel-33\/","title":{"rendered":"ADOPT\u0102 UN C\u0102\u021aEL!"},"content":{"rendered":"\n<p>ADOPT\u0102<\/p>\n\n\n\n<p>Salveaz\u0103 o via\u021b\u0103, adopt\u00e2nd un suflet!<\/p>\n\n\n\n<p>C\u00e2\u0219tig\u0103 un prieten pe via\u021b\u0103!<\/p>\n\n\n\n<p>Campanie ini\u021biat\u0103 de Prim\u0103ria Ora\u0219ului Chitila<\/p>\n\n\n\n<p>C\u00e2ini captura\u021bi \u00een data de 08.02.2023<\/p>\n\n\n\n<p>Femel\u0103, 1 an, culoare alb+negru,&nbsp; talie mare, stare general\u0103 moderat\u0103, clinic s\u0103n\u0103tos;<\/p>\n\n\n\n<p>Femel\u0103, 1 an, culoare alb+negru, talie mare, stare general\u0103 moderat\u0103, examen clinic s\u0103n\u0103tos;<\/p>\n\n\n\n<p>Femel\u0103, 2 ani, culoare gri+ ar\u0103miu, talie mare, stare general\u0103 moderat\u0103, clinic s\u0103n\u0103tos;<\/p>\n\n\n\n<p>Femela,&nbsp;2 ani, culoare alb+maro talie mijlocie, stare general\u0103 moderat\u0103, clinic s\u0103n\u0103tos;<\/p>\n\n\n\n<p>Mascul,&nbsp;2 ani, culoare negru + alb, talie mare, stare general\u0103 moderat\u0103, clinic s\u0103n\u0103tos;<\/p>\n\n\n\n<p>Mascul, 2 ani, culoare negru+alb, talie mare, stare general\u0103 moderat\u0103, examen clinic s\u0103n\u0103tos;<\/p>\n\n\n\n<p>Mascul, 1 an, culoare alb+maro, talie mare, stare general\u0103 moderat\u0103, examen clinic s\u0103n\u0103tos;<\/p>\n\n\n\n<p>Mascul, 2 ani, culoare maro, talie mare,stare clinic mpderat\u0103, examen clinic s\u0103n\u0103tos.<\/p>\n","protected":false},"excerpt":{"rendered":"<p>ADOPT\u0102 Salveaz\u0103 o via\u021b\u0103, adopt\u00e2nd un suflet! C\u00e2\u0219tig\u0103 un prieten pe via\u021b\u0103! Campanie ini\u021biat\u0103 de Prim\u0103ria Ora\u0219ului Chitila C\u00e2ini captura\u021bi \u00een data de 08.02.2023 Femel\u0103, 1 an, culoare alb+negru,&nbsp; talie mare, stare general\u0103 moderat\u0103, clinic s\u0103n\u0103tos; Femel\u0103, 1 an, culoare alb+negru, talie mare, stare general\u0103 moderat\u0103, examen clinic s\u0103n\u0103tos; Femel\u0103, 2 ani, culoare gri+ ar\u0103miu, [&hellip;]<\/p>\n","protected":false},"author":6,"featured_media":26732,"comment_status":"open","ping_status":"closed","sticky":false,"template":"","format":"standard","meta":{"footnotes":""},"categories":[130],"tags":[],"class_list":["post-27106","post","type-post","status-publish","format-standard","has-post-thumbnail","hentry","category-stiri"],"_links":{"self":[{"href":"https:\/\/primariachitila.ro\/new\/wp-json\/wp\/v2\/posts\/27106","targetHints":{"allow":["GET"]}}],"collection":[{"href":"https:\/\/primariachitila.ro\/new\/wp-json\/wp\/v2\/posts"}],"about":[{"href":"https:\/\/primariachitila.ro\/new\/wp-json\/wp\/v2\/types\/post"}],"author":[{"embeddable":true,"href":"https:\/\/primariachitila.ro\/new\/wp-json\/wp\/v2\/users\/6"}],"replies":[{"embeddable":true,"href":"https:\/\/primariachitila.ro\/new\/wp-json\/wp\/v2\/comments?post=27106"}],"version-history":[{"count":1,"href":"https:\/\/primariachitila.ro\/new\/wp-json\/wp\/v2\/posts\/27106\/revisions"}],"predecessor-version":[{"id":27107,"href":"https:\/\/primariachitila.ro\/new\/wp-json\/wp\/v2\/posts\/27106\/revisions\/27107"}],"wp:featuredmedia":[{"embeddable":true,"href":"https:\/\/primariachitila.ro\/new\/wp-json\/wp\/v2\/media\/26732"}],"wp:attachment":[{"href":"https:\/\/primariachitila.ro\/new\/wp-json\/wp\/v2\/media?parent=27106"}],"wp:term":[{"taxonomy":"category","embeddable":true,"href":"https:\/\/primariachitila.ro\/new\/wp-json\/wp\/v2\/categories?post=27106"},{"taxonomy":"post_tag","embeddable":true,"href":"https:\/\/primariachitila.ro\/new\/wp-json\/wp\/v2\/tags?post=27106"}],"curies":[{"name":"wp","href":"https:\/\/api.w.org\/{rel}","templated":true}]}}