{"id":27112,"date":"2022-10-26T11:10:24","date_gmt":"2022-10-26T11:10:24","guid":{"rendered":"https:\/\/primariachitila.ro\/new\/?p=27112"},"modified":"2025-11-13T13:36:43","modified_gmt":"2025-11-13T13:36:43","slug":"facilitarea-inasertiei-pe-piata-muncii-a-persoanelor-cu-dizabilitati","status":"publish","type":"post","link":"https:\/\/primariachitila.ro\/new\/2022\/10\/26\/facilitarea-inasertiei-pe-piata-muncii-a-persoanelor-cu-dizabilitati\/","title":{"rendered":"Facilitarea Inasertiei pe Piata Muncii a Persoanelor cu Dizabilitati"},"content":{"rendered":"\n<p>Durata proiectului este de 36 luni, iar&nbsp;<strong>o<em>biectivul general<\/em><\/strong>&nbsp;\u00eel reprezint\u0103 asigurarea accesului persoanelor cu dizabilit\u0103\u021bi, \u00een condi\u021bii de egalitate cu ceilal\u021bi, la mediul fizic, informa\u0163ional \u015fi comunica\u0163ional, \u00een vederea cre\u0219terii \u0219anselor de ocupare \u015fi a ponderii persoanelor cu dizabilit\u0103\u0163i angajate pe pia\u021ba liber\u0103 a muncii.<\/p>\n\n\n\n<p>Proiect cofinan\u021bat din Fondul Social European prin&nbsp;Programul Operational Capital Uman 2014-2020!<\/p>\n\n\n\n<p>Pentru informa\u021bii detaliate despre celelalte programe cofinan\u021bate de Uniunea European\u0103, v\u0103 invit\u0103m s\u0103 vizita\u021bi&nbsp;<a href=\"https:\/\/primariachitila.ro\/echitila\/node\/www.fonduri-ue.ro\">www.fonduri-ue.ro<\/a><\/p>\n\n\n\n<p>Persoanele cu dizabilit\u0103\u021bi care pot beneficia de voucher pentru achizi\u021bionarea de dispozitive \u015fi tehnologii asistive \u0219i tehnologii de acces, altele dec\u00e2t cele finan\u021bate prin Fondul na\u021bional unic de asigur\u0103ri sociale de s\u0103n\u0103tate trebuie s\u0103 \u00eendeplineasc\u0103 cumulativ urm\u0103toarele condi\u021bii:<\/p>\n\n\n\n<p>\u00b7&nbsp;&nbsp;&nbsp;&nbsp;&nbsp;&nbsp;&nbsp;Au cet\u0103\u021benie rom\u00e2n\u0103&nbsp;\u0219i locuiesc \u00een Rom\u00e2nia;<\/p>\n\n\n\n<p>\u00b7&nbsp;&nbsp;&nbsp;&nbsp;&nbsp;&nbsp;&nbsp;Au o dizabilitate atestat\u0103 prin certificatul de \u00eencadrare \u00een grad de handicap;<\/p>\n\n\n\n<p>\u00b7&nbsp;&nbsp;&nbsp;&nbsp;&nbsp;&nbsp;&nbsp;Sunt \u0219omeri sau persoane inactive aflate \u00een c\u0103utarea unui loc de munc\u0103;<\/p>\n\n\n\n<p>\u00b7&nbsp;&nbsp;&nbsp;&nbsp;&nbsp;&nbsp;&nbsp;Sunt persoane cu v\u00e2rsta cuprins\u0103 \u00eentre 18 ani&nbsp;\u0219i p\u00e2n\u0103 la \u00eemplinirea condi\u021biilor &nbsp;de pensionare.<\/p>\n\n\n\n<p>Tinerii peste 18 ani care nu au \u00eemplinit v\u00e2rsta de 30 de ani pot beneficia de voucher doar dac\u0103 urmeaz\u0103 o activitate de formare profesional\u0103 sau se afl\u0103 \u00een sistemul de educa\u021bie (tineri nonNEETs).<\/p>\n\n\n\n<figure class=\"wp-block-embed\"><div class=\"wp-block-embed__wrapper\">\nhttps:\/\/anpd.gov.ro\/web\/despre-noi\/programe-si-strategii\/facilitarea-insertiei-pe-piata-muncii-a-persoanelor-cu-dizabilitati\n<\/div><\/figure>\n\n\n\n<div data-wp-interactive=\"core\/file\" class=\"wp-block-file\"><object data-wp-bind--hidden=\"!state.hasPdfPreview\" hidden class=\"wp-block-file__embed\" data=\"https:\/\/primariachitila.ro\/new\/wp-content\/uploads\/2025\/11\/Pasii-necesari-pt.obtinerea-tehnologiei-asistive-2.pdf\" type=\"application\/pdf\" style=\"width:100%;height:600px\" aria-label=\"\u00cenglobare pentru Pasii necesari pt.obtinerea tehnologiei asistive (2).\"><\/object><a id=\"wp-block-file--media-89890b40-4085-4365-9221-82370802da91\" href=\"https:\/\/primariachitila.ro\/new\/wp-content\/uploads\/2025\/11\/Pasii-necesari-pt.obtinerea-tehnologiei-asistive-2.pdf\">Pasii necesari pt.obtinerea tehnologiei asistive (2)<\/a><a href=\"https:\/\/primariachitila.ro\/new\/wp-content\/uploads\/2025\/11\/Pasii-necesari-pt.obtinerea-tehnologiei-asistive-2.pdf\" class=\"wp-block-file__button wp-element-button\" download aria-describedby=\"wp-block-file--media-89890b40-4085-4365-9221-82370802da91\">Descarc\u0103<\/a><\/div>\n\n\n\n<div data-wp-interactive=\"core\/file\" class=\"wp-block-file\"><object data-wp-bind--hidden=\"!state.hasPdfPreview\" hidden class=\"wp-block-file__embed\" data=\"https:\/\/primariachitila.ro\/new\/wp-content\/uploads\/2025\/11\/Fisa-proiect.pdf\" type=\"application\/pdf\" style=\"width:100%;height:600px\" aria-label=\"\u00cenglobare pentru Fisa proiect.\"><\/object><a id=\"wp-block-file--media-94d762c4-ad7b-48db-b163-864f713d608a\" href=\"https:\/\/primariachitila.ro\/new\/wp-content\/uploads\/2025\/11\/Fisa-proiect.pdf\">Fisa proiect<\/a><a href=\"https:\/\/primariachitila.ro\/new\/wp-content\/uploads\/2025\/11\/Fisa-proiect.pdf\" class=\"wp-block-file__button wp-element-button\" download aria-describedby=\"wp-block-file--media-94d762c4-ad7b-48db-b163-864f713d608a\">Descarc\u0103<\/a><\/div>\n","protected":false},"excerpt":{"rendered":"<p>Durata proiectului este de 36 luni, iar&nbsp;obiectivul general&nbsp;\u00eel reprezint\u0103 asigurarea accesului persoanelor cu dizabilit\u0103\u021bi, \u00een condi\u021bii de egalitate cu ceilal\u021bi, la mediul fizic, informa\u0163ional \u015fi comunica\u0163ional, \u00een vederea cre\u0219terii \u0219anselor de ocupare \u015fi a ponderii persoanelor cu dizabilit\u0103\u0163i angajate pe pia\u021ba liber\u0103 a muncii. Proiect cofinan\u021bat din Fondul Social European prin&nbsp;Programul Operational Capital Uman 2014-2020! [&hellip;]<\/p>\n","protected":false},"author":6,"featured_media":26774,"comment_status":"open","ping_status":"closed","sticky":false,"template":"","format":"standard","meta":{"footnotes":""},"categories":[130],"tags":[],"class_list":["post-27112","post","type-post","status-publish","format-standard","has-post-thumbnail","hentry","category-stiri"],"_links":{"self":[{"href":"https:\/\/primariachitila.ro\/new\/wp-json\/wp\/v2\/posts\/27112","targetHints":{"allow":["GET"]}}],"collection":[{"href":"https:\/\/primariachitila.ro\/new\/wp-json\/wp\/v2\/posts"}],"about":[{"href":"https:\/\/primariachitila.ro\/new\/wp-json\/wp\/v2\/types\/post"}],"author":[{"embeddable":true,"href":"https:\/\/primariachitila.ro\/new\/wp-json\/wp\/v2\/users\/6"}],"replies":[{"embeddable":true,"href":"https:\/\/primariachitila.ro\/new\/wp-json\/wp\/v2\/comments?post=27112"}],"version-history":[{"count":1,"href":"https:\/\/primariachitila.ro\/new\/wp-json\/wp\/v2\/posts\/27112\/revisions"}],"predecessor-version":[{"id":27115,"href":"https:\/\/primariachitila.ro\/new\/wp-json\/wp\/v2\/posts\/27112\/revisions\/27115"}],"wp:featuredmedia":[{"embeddable":true,"href":"https:\/\/primariachitila.ro\/new\/wp-json\/wp\/v2\/media\/26774"}],"wp:attachment":[{"href":"https:\/\/primariachitila.ro\/new\/wp-json\/wp\/v2\/media?parent=27112"}],"wp:term":[{"taxonomy":"category","embeddable":true,"href":"https:\/\/primariachitila.ro\/new\/wp-json\/wp\/v2\/categories?post=27112"},{"taxonomy":"post_tag","embeddable":true,"href":"https:\/\/primariachitila.ro\/new\/wp-json\/wp\/v2\/tags?post=27112"}],"curies":[{"name":"wp","href":"https:\/\/api.w.org\/{rel}","templated":true}]}}