{"id":27121,"date":"2022-09-29T11:12:08","date_gmt":"2022-09-29T11:12:08","guid":{"rendered":"https:\/\/primariachitila.ro\/new\/?p=27121"},"modified":"2025-11-13T13:36:43","modified_gmt":"2025-11-13T13:36:43","slug":"ziua-internationala-de-constientizare-asupra-risipei-si-deseurilor-alimentare-idaflw","status":"publish","type":"post","link":"https:\/\/primariachitila.ro\/new\/2022\/09\/29\/ziua-internationala-de-constientizare-asupra-risipei-si-deseurilor-alimentare-idaflw\/","title":{"rendered":"ZIUA INTERNA\u021aIONAL\u0102 DE CON\u0218TIENTIZARE ASUPRA RISIPEI \u0218I DE\u0218EURILOR ALIMENTARE (IDAFLW)"},"content":{"rendered":"\n<p>\u00cencep\u00e2nd cu data de 29 septembrie 2022, vom celebra Ziua Interna\u021bional\u0103 de Con\u0219tientivare asupra Risipei \u0219i De\u0219eurilor Alimentare (IDAFLW), prin organizarea unui eveniment specific, sub coordonarea Ministrului Agriculturii \u0219i Dezvolt\u0103rii Rurale (MADR).&nbsp;<\/p>\n\n\n\n<p>Acest eveniment este menit s\u0103 atrag\u0103 aten\u021bia asupra gravit\u0103\u021bii dimensiunilor pe care le cap\u0103t\u0103 fenomenul risipei alimentare, ca provocare major\u0103 a societ\u0103tii moderne \u0219i presupune ini\u021bierea de ac\u021biuni concrete, care s\u0103 contribuie real eficient la prevenirea diminuarea acestui fenomen de anvergur\u0103 mondial\u0103.<\/p>\n","protected":false},"excerpt":{"rendered":"<p>\u00cencep\u00e2nd cu data de 29 septembrie 2022, vom celebra Ziua Interna\u021bional\u0103 de Con\u0219tientivare asupra Risipei \u0219i De\u0219eurilor Alimentare (IDAFLW), prin organizarea unui eveniment specific, sub coordonarea Ministrului Agriculturii \u0219i Dezvolt\u0103rii Rurale (MADR).&nbsp; Acest eveniment este menit s\u0103 atrag\u0103 aten\u021bia asupra gravit\u0103\u021bii dimensiunilor pe care le cap\u0103t\u0103 fenomenul risipei alimentare, ca provocare major\u0103 a societ\u0103tii moderne [&hellip;]<\/p>\n","protected":false},"author":6,"featured_media":26774,"comment_status":"open","ping_status":"closed","sticky":false,"template":"","format":"standard","meta":{"footnotes":""},"categories":[130],"tags":[],"class_list":["post-27121","post","type-post","status-publish","format-standard","has-post-thumbnail","hentry","category-stiri"],"_links":{"self":[{"href":"https:\/\/primariachitila.ro\/new\/wp-json\/wp\/v2\/posts\/27121","targetHints":{"allow":["GET"]}}],"collection":[{"href":"https:\/\/primariachitila.ro\/new\/wp-json\/wp\/v2\/posts"}],"about":[{"href":"https:\/\/primariachitila.ro\/new\/wp-json\/wp\/v2\/types\/post"}],"author":[{"embeddable":true,"href":"https:\/\/primariachitila.ro\/new\/wp-json\/wp\/v2\/users\/6"}],"replies":[{"embeddable":true,"href":"https:\/\/primariachitila.ro\/new\/wp-json\/wp\/v2\/comments?post=27121"}],"version-history":[{"count":1,"href":"https:\/\/primariachitila.ro\/new\/wp-json\/wp\/v2\/posts\/27121\/revisions"}],"predecessor-version":[{"id":27122,"href":"https:\/\/primariachitila.ro\/new\/wp-json\/wp\/v2\/posts\/27121\/revisions\/27122"}],"wp:featuredmedia":[{"embeddable":true,"href":"https:\/\/primariachitila.ro\/new\/wp-json\/wp\/v2\/media\/26774"}],"wp:attachment":[{"href":"https:\/\/primariachitila.ro\/new\/wp-json\/wp\/v2\/media?parent=27121"}],"wp:term":[{"taxonomy":"category","embeddable":true,"href":"https:\/\/primariachitila.ro\/new\/wp-json\/wp\/v2\/categories?post=27121"},{"taxonomy":"post_tag","embeddable":true,"href":"https:\/\/primariachitila.ro\/new\/wp-json\/wp\/v2\/tags?post=27121"}],"curies":[{"name":"wp","href":"https:\/\/api.w.org\/{rel}","templated":true}]}}