{"id":27125,"date":"2022-09-29T11:12:08","date_gmt":"2022-09-29T11:12:08","guid":{"rendered":"https:\/\/primariachitila.ro\/new\/?p=27125"},"modified":"2025-11-13T13:36:50","modified_gmt":"2025-11-13T13:36:50","slug":"ofera-deseurilor-de-echipamente-electrice-si-electronice-locul-corect","status":"publish","type":"post","link":"https:\/\/primariachitila.ro\/new\/2022\/09\/29\/ofera-deseurilor-de-echipamente-electrice-si-electronice-locul-corect\/","title":{"rendered":"OFER\u0102 DE\u0218EURILOR DE ECHIPAMENTE ELECTRICE \u0218I ELECTRONICE LOCUL CORECT"},"content":{"rendered":"\n<p><strong>Prim\u0103ria Ora\u0219ului Chitila public\u0103 urm\u0103torul anun\u021b pentru a aduce la cuno\u0219tin\u021ba cet\u0103\u021benilor:<\/strong><\/p>\n\n\n\n<p>&nbsp;&nbsp;&nbsp;&nbsp;&nbsp;&nbsp;&nbsp;&nbsp;&nbsp;&nbsp;&nbsp; Vineri, 30 Septembrie 2022, \u00een intervalul orar 12.00 \u2013 17.00 \u0219i S\u00e2mb\u0103ta, 01 Septembrie 2022, \u00een intervalul orar 08.00 \u2013 14.00 se vor derula activit\u0103\u021bi de colectare a de\u0219eurilor de echipamente electrice \u0219i electrocasnice pe raza Ora\u0219ului Chitila.<\/p>\n\n\n\n<p>&nbsp;&nbsp;&nbsp;&nbsp;&nbsp;&nbsp;&nbsp;&nbsp;&nbsp;&nbsp;&nbsp; Cet\u0103\u021benii Ora\u0219ului Chitila se pot debarasa de obiectele electrice \u0219i electrocasnice vechi sau nefolosite prin depunerea lor la punctul de colectare din incinta Dispensarului Uman Chitila, la adresa \u0218os. Banatului, nr. 70, sau prin contactarea telefonic\u0103 a dispecerului echipelor mobile de colectare la num\u0103rul de telefon: 0745.683.205<\/p>\n","protected":false},"excerpt":{"rendered":"<p>Prim\u0103ria Ora\u0219ului Chitila public\u0103 urm\u0103torul anun\u021b pentru a aduce la cuno\u0219tin\u021ba cet\u0103\u021benilor: &nbsp;&nbsp;&nbsp;&nbsp;&nbsp;&nbsp;&nbsp;&nbsp;&nbsp;&nbsp;&nbsp; Vineri, 30 Septembrie 2022, \u00een intervalul orar 12.00 \u2013 17.00 \u0219i S\u00e2mb\u0103ta, 01 Septembrie 2022, \u00een intervalul orar 08.00 \u2013 14.00 se vor derula activit\u0103\u021bi de colectare a de\u0219eurilor de echipamente electrice \u0219i electrocasnice pe raza Ora\u0219ului Chitila. &nbsp;&nbsp;&nbsp;&nbsp;&nbsp;&nbsp;&nbsp;&nbsp;&nbsp;&nbsp;&nbsp; Cet\u0103\u021benii Ora\u0219ului Chitila [&hellip;]<\/p>\n","protected":false},"author":6,"featured_media":26774,"comment_status":"open","ping_status":"closed","sticky":false,"template":"","format":"standard","meta":{"footnotes":""},"categories":[130],"tags":[],"class_list":["post-27125","post","type-post","status-publish","format-standard","has-post-thumbnail","hentry","category-stiri"],"_links":{"self":[{"href":"https:\/\/primariachitila.ro\/new\/wp-json\/wp\/v2\/posts\/27125","targetHints":{"allow":["GET"]}}],"collection":[{"href":"https:\/\/primariachitila.ro\/new\/wp-json\/wp\/v2\/posts"}],"about":[{"href":"https:\/\/primariachitila.ro\/new\/wp-json\/wp\/v2\/types\/post"}],"author":[{"embeddable":true,"href":"https:\/\/primariachitila.ro\/new\/wp-json\/wp\/v2\/users\/6"}],"replies":[{"embeddable":true,"href":"https:\/\/primariachitila.ro\/new\/wp-json\/wp\/v2\/comments?post=27125"}],"version-history":[{"count":1,"href":"https:\/\/primariachitila.ro\/new\/wp-json\/wp\/v2\/posts\/27125\/revisions"}],"predecessor-version":[{"id":27126,"href":"https:\/\/primariachitila.ro\/new\/wp-json\/wp\/v2\/posts\/27125\/revisions\/27126"}],"wp:featuredmedia":[{"embeddable":true,"href":"https:\/\/primariachitila.ro\/new\/wp-json\/wp\/v2\/media\/26774"}],"wp:attachment":[{"href":"https:\/\/primariachitila.ro\/new\/wp-json\/wp\/v2\/media?parent=27125"}],"wp:term":[{"taxonomy":"category","embeddable":true,"href":"https:\/\/primariachitila.ro\/new\/wp-json\/wp\/v2\/categories?post=27125"},{"taxonomy":"post_tag","embeddable":true,"href":"https:\/\/primariachitila.ro\/new\/wp-json\/wp\/v2\/tags?post=27125"}],"curies":[{"name":"wp","href":"https:\/\/api.w.org\/{rel}","templated":true}]}}