{"id":27142,"date":"2022-08-29T11:14:50","date_gmt":"2022-08-29T11:14:50","guid":{"rendered":"https:\/\/primariachitila.ro\/new\/?p=27142"},"modified":"2025-11-13T13:36:50","modified_gmt":"2025-11-13T13:36:50","slug":"adopta-un-catel-39","status":"publish","type":"post","link":"https:\/\/primariachitila.ro\/new\/2022\/08\/29\/adopta-un-catel-39\/","title":{"rendered":"ADOPT\u0102 UN C\u0102\u021aEL!"},"content":{"rendered":"\n<p>ADOPT\u0102<\/p>\n\n\n\n<p>Salveaz\u0103 o via\u021b\u0103, adopt\u00e2nd un suflet!<\/p>\n\n\n\n<p>C\u00e2\u0219tig\u0103 un prieten pe via\u021b\u0103!<\/p>\n\n\n\n<p>Campanie ini\u021biat\u0103 de Prim\u0103ria Ora\u0219ului Chitila<\/p>\n\n\n\n<p>C\u00e2ini captura\u021bi \u00een 22.08.2022<\/p>\n\n\n\n<p>Femel\u0103 2 ani , culoare &nbsp;alb+ maro, talie mijlocie, stare general &nbsp;moderat\u0103 &nbsp;, examen clinic s\u0103n\u0103tos;<\/p>\n\n\n\n<p>Femela&nbsp; 2 ani, culoare gri+crem, talie mijlocie, stare general\u0103 moderat\u0103, examen clinic s\u0103n\u0103tos;<\/p>\n\n\n\n<p>Femela 2 ani, culoare gri+crem, talie mare, stare general\u0103 moderat\u0103 , examen clinic s\u0103n\u0103tos;<\/p>\n\n\n\n<p>Mascul 4 ani, culoare negru+crem, talie mare, stare general\u0103 moderat\u0103 , examen clinic s\u0103n\u0103tos;<\/p>\n\n\n\n<p>Mascul 5 ani, culoare negru+aramiu, talie mare, stare general moderat\u0103, examen clinic s\u0103n\u0103tos;<\/p>\n\n\n\n<p>Mascul 5 luni, culoare negru+aramiu, talie mic\u0103, stare general moderat\u0103, examen clinic s\u0103n\u0103tos;<\/p>\n\n\n\n<p>Mascul 3 luni, culoare maro+gr, talie mic\u0103 , stare general moderat\u0103, examen clinic s\u0103n\u0103tos;<\/p>\n\n\n\n<p>Femel\u0103 3 luni, culoarenegru+aramiu talie mic\u0103, stare general moderat\u0103, examen clinic s\u0103n\u0103tos;<\/p>\n\n\n\n<p>Femel\u0103 3 luni, culoare negru+gri, talie mic\u0103, stare general moderat\u0103, examen clinic s\u0103n\u0103tos,;<\/p>\n\n\n\n<p>Femel\u0103 3 luni, culoare maro+gri,talie mic\u0103, stare general moderat\u0103, examen clinic s\u0103n\u0103tos;<\/p>\n\n\n\n<p>data de 28.03.2022<\/p>\n","protected":false},"excerpt":{"rendered":"<p>ADOPT\u0102 Salveaz\u0103 o via\u021b\u0103, adopt\u00e2nd un suflet! C\u00e2\u0219tig\u0103 un prieten pe via\u021b\u0103! Campanie ini\u021biat\u0103 de Prim\u0103ria Ora\u0219ului Chitila C\u00e2ini captura\u021bi \u00een 22.08.2022 Femel\u0103 2 ani , culoare &nbsp;alb+ maro, talie mijlocie, stare general &nbsp;moderat\u0103 &nbsp;, examen clinic s\u0103n\u0103tos; Femela&nbsp; 2 ani, culoare gri+crem, talie mijlocie, stare general\u0103 moderat\u0103, examen clinic s\u0103n\u0103tos; Femela 2 ani, culoare [&hellip;]<\/p>\n","protected":false},"author":6,"featured_media":26732,"comment_status":"open","ping_status":"closed","sticky":false,"template":"","format":"standard","meta":{"footnotes":""},"categories":[130],"tags":[],"class_list":["post-27142","post","type-post","status-publish","format-standard","has-post-thumbnail","hentry","category-stiri"],"_links":{"self":[{"href":"https:\/\/primariachitila.ro\/new\/wp-json\/wp\/v2\/posts\/27142","targetHints":{"allow":["GET"]}}],"collection":[{"href":"https:\/\/primariachitila.ro\/new\/wp-json\/wp\/v2\/posts"}],"about":[{"href":"https:\/\/primariachitila.ro\/new\/wp-json\/wp\/v2\/types\/post"}],"author":[{"embeddable":true,"href":"https:\/\/primariachitila.ro\/new\/wp-json\/wp\/v2\/users\/6"}],"replies":[{"embeddable":true,"href":"https:\/\/primariachitila.ro\/new\/wp-json\/wp\/v2\/comments?post=27142"}],"version-history":[{"count":1,"href":"https:\/\/primariachitila.ro\/new\/wp-json\/wp\/v2\/posts\/27142\/revisions"}],"predecessor-version":[{"id":27143,"href":"https:\/\/primariachitila.ro\/new\/wp-json\/wp\/v2\/posts\/27142\/revisions\/27143"}],"wp:featuredmedia":[{"embeddable":true,"href":"https:\/\/primariachitila.ro\/new\/wp-json\/wp\/v2\/media\/26732"}],"wp:attachment":[{"href":"https:\/\/primariachitila.ro\/new\/wp-json\/wp\/v2\/media?parent=27142"}],"wp:term":[{"taxonomy":"category","embeddable":true,"href":"https:\/\/primariachitila.ro\/new\/wp-json\/wp\/v2\/categories?post=27142"},{"taxonomy":"post_tag","embeddable":true,"href":"https:\/\/primariachitila.ro\/new\/wp-json\/wp\/v2\/tags?post=27142"}],"curies":[{"name":"wp","href":"https:\/\/api.w.org\/{rel}","templated":true}]}}