{"id":27150,"date":"2022-05-06T11:16:10","date_gmt":"2022-05-06T11:16:10","guid":{"rendered":"https:\/\/primariachitila.ro\/new\/?p=27150"},"modified":"2025-11-13T13:36:57","modified_gmt":"2025-11-13T13:36:57","slug":"constructia-bazinului-de-natatie-din-cadrul-complexului-sportiv-chitila-inainteaza-cu-pasi-repezi","status":"publish","type":"post","link":"https:\/\/primariachitila.ro\/new\/2022\/05\/06\/constructia-bazinului-de-natatie-din-cadrul-complexului-sportiv-chitila-inainteaza-cu-pasi-repezi\/","title":{"rendered":"Construc\u021bia bazinului de nata\u021bie din cadrul Complexului Sportiv Chitila, \u00eenainteaz\u0103 cu pa\u0219i repezi"},"content":{"rendered":"\n<p>In doar o lun\u0103 de zile de la \u00eenceperea construc\u021biei, au fost executate urm\u0103toarele lucr\u0103ri:<\/p>\n\n\n\n<p>\u00b7 Lucr\u0103ri de balizare \u0219i trasare axe construc\u021bie;<\/p>\n\n\n\n<p>\u00b7 Decapare strat vegetal;<\/p>\n\n\n\n<p>\u00b7 S\u0103p\u0103tur\u0103 general\u0103;<\/p>\n\n\n\n<p>\u00b7 S\u0103p\u0103tur\u0103 la grinzile de fundare, la funda\u021bii contrafor\u021bi \u0219i la funda\u021bii izolate;<\/p>\n\n\n\n<p>\u00b7 Turnare beton de egalizare \u00een grinzile de fundare, \u00een funda\u021biile izolate \u0219i \u00een funda\u021bii contrafor\u021bi;<\/p>\n\n\n\n<p>\u00b7 Armare \u0219i cofrare funda\u021bii izolate;<\/p>\n\n\n\n<p>\u00b7 Armare \u0219i cofrare grinzi de fundare bazin;<\/p>\n\n\n\n<p>\u00b7 Turnare beton \u00een funda\u021biile izolate \u0219i \u00een grinzile de fundare de la bazin;<\/p>\n\n\n\n<p>\u00b7 Armare funda\u021bii contrafor\u021bi din axele 1 si 6;<\/p>\n\n\n\n<p>\u00b7 Turnare beton \u00een funda\u021biile contrafor\u021bilor.<\/p>\n","protected":false},"excerpt":{"rendered":"<p>In doar o lun\u0103 de zile de la \u00eenceperea construc\u021biei, au fost executate urm\u0103toarele lucr\u0103ri: \u00b7 Lucr\u0103ri de balizare \u0219i trasare axe construc\u021bie; \u00b7 Decapare strat vegetal; \u00b7 S\u0103p\u0103tur\u0103 general\u0103; \u00b7 S\u0103p\u0103tur\u0103 la grinzile de fundare, la funda\u021bii contrafor\u021bi \u0219i la funda\u021bii izolate; \u00b7 Turnare beton de egalizare \u00een grinzile de fundare, \u00een funda\u021biile izolate [&hellip;]<\/p>\n","protected":false},"author":6,"featured_media":26774,"comment_status":"open","ping_status":"closed","sticky":false,"template":"","format":"standard","meta":{"footnotes":""},"categories":[130],"tags":[],"class_list":["post-27150","post","type-post","status-publish","format-standard","has-post-thumbnail","hentry","category-stiri"],"_links":{"self":[{"href":"https:\/\/primariachitila.ro\/new\/wp-json\/wp\/v2\/posts\/27150","targetHints":{"allow":["GET"]}}],"collection":[{"href":"https:\/\/primariachitila.ro\/new\/wp-json\/wp\/v2\/posts"}],"about":[{"href":"https:\/\/primariachitila.ro\/new\/wp-json\/wp\/v2\/types\/post"}],"author":[{"embeddable":true,"href":"https:\/\/primariachitila.ro\/new\/wp-json\/wp\/v2\/users\/6"}],"replies":[{"embeddable":true,"href":"https:\/\/primariachitila.ro\/new\/wp-json\/wp\/v2\/comments?post=27150"}],"version-history":[{"count":1,"href":"https:\/\/primariachitila.ro\/new\/wp-json\/wp\/v2\/posts\/27150\/revisions"}],"predecessor-version":[{"id":27151,"href":"https:\/\/primariachitila.ro\/new\/wp-json\/wp\/v2\/posts\/27150\/revisions\/27151"}],"wp:featuredmedia":[{"embeddable":true,"href":"https:\/\/primariachitila.ro\/new\/wp-json\/wp\/v2\/media\/26774"}],"wp:attachment":[{"href":"https:\/\/primariachitila.ro\/new\/wp-json\/wp\/v2\/media?parent=27150"}],"wp:term":[{"taxonomy":"category","embeddable":true,"href":"https:\/\/primariachitila.ro\/new\/wp-json\/wp\/v2\/categories?post=27150"},{"taxonomy":"post_tag","embeddable":true,"href":"https:\/\/primariachitila.ro\/new\/wp-json\/wp\/v2\/tags?post=27150"}],"curies":[{"name":"wp","href":"https:\/\/api.w.org\/{rel}","templated":true}]}}