{"id":27152,"date":"2022-05-06T11:16:51","date_gmt":"2022-05-06T11:16:51","guid":{"rendered":"https:\/\/primariachitila.ro\/new\/?p=27152"},"modified":"2025-11-13T13:36:57","modified_gmt":"2025-11-13T13:36:57","slug":"parcul-valea-mangului-unul-dintre-cele-mai-ambitioase-obiective-urbanistice-se-apropie-de-final","status":"publish","type":"post","link":"https:\/\/primariachitila.ro\/new\/2022\/05\/06\/parcul-valea-mangului-unul-dintre-cele-mai-ambitioase-obiective-urbanistice-se-apropie-de-final\/","title":{"rendered":"Parcul Valea Mangului, unul dintre cele mai ambi\u021bioase obiective urbanistice, se apropie de final"},"content":{"rendered":"\n<p>\u00cen cur\u00e2nd, chitilenii vor beneficia de un parc de 61.734 mp, ce va avea 4 intr\u0103ri principale, cu acces pietonal prin 11 puncte, cu zone de belvedere, zon\u0103 cultural\u0103 \u0219i sportiv\u0103, conectat integral la re\u021beaua de energie electric\u0103 \u0219i iluminat public, \u0219i care va avea sistem de irigat din surse proprii, sistem de supraveghere video de zi \u0219i de noapte, dar \u0219i acces gratuit la internet.<\/p>\n\n\n\n<p>Spectaculosul proiect al parcului Valea Mangului are finan\u021bare asigurat\u0103 din fonduri europene nerambursabile \u0219i urm\u0103re\u0219te redarea \u00een folosul \u00eentregii comunit\u0103\u021bi a unui spa\u021biu neutilizat ce va fi transformat \u00eentr-o zon\u0103 verde, de recreere \u0219i agrement \u0219i are \u00een vedere totodat\u0103 reducerea semnificativ\u0103 a nivelului de poluare \u0219i \u00eembun\u0103t\u0103\u021birea aspectului estetic al ora\u0219ului.<\/p>\n\n\n\n<figure class=\"wp-block-video\"><video height=\"1080\" style=\"aspect-ratio: 1920 \/ 1080;\" width=\"1920\" controls src=\"https:\/\/primariachitila.ro\/new\/wp-content\/uploads\/2025\/11\/VIDEO-SCOALA.mp4\"><\/video><\/figure>\n","protected":false},"excerpt":{"rendered":"<p>\u00cen cur\u00e2nd, chitilenii vor beneficia de un parc de 61.734 mp, ce va avea 4 intr\u0103ri principale, cu acces pietonal prin 11 puncte, cu zone de belvedere, zon\u0103 cultural\u0103 \u0219i sportiv\u0103, conectat integral la re\u021beaua de energie electric\u0103 \u0219i iluminat public, \u0219i care va avea sistem de irigat din surse proprii, sistem de supraveghere video [&hellip;]<\/p>\n","protected":false},"author":6,"featured_media":26774,"comment_status":"open","ping_status":"closed","sticky":false,"template":"","format":"standard","meta":{"footnotes":""},"categories":[130],"tags":[],"class_list":["post-27152","post","type-post","status-publish","format-standard","has-post-thumbnail","hentry","category-stiri"],"_links":{"self":[{"href":"https:\/\/primariachitila.ro\/new\/wp-json\/wp\/v2\/posts\/27152","targetHints":{"allow":["GET"]}}],"collection":[{"href":"https:\/\/primariachitila.ro\/new\/wp-json\/wp\/v2\/posts"}],"about":[{"href":"https:\/\/primariachitila.ro\/new\/wp-json\/wp\/v2\/types\/post"}],"author":[{"embeddable":true,"href":"https:\/\/primariachitila.ro\/new\/wp-json\/wp\/v2\/users\/6"}],"replies":[{"embeddable":true,"href":"https:\/\/primariachitila.ro\/new\/wp-json\/wp\/v2\/comments?post=27152"}],"version-history":[{"count":1,"href":"https:\/\/primariachitila.ro\/new\/wp-json\/wp\/v2\/posts\/27152\/revisions"}],"predecessor-version":[{"id":27154,"href":"https:\/\/primariachitila.ro\/new\/wp-json\/wp\/v2\/posts\/27152\/revisions\/27154"}],"wp:featuredmedia":[{"embeddable":true,"href":"https:\/\/primariachitila.ro\/new\/wp-json\/wp\/v2\/media\/26774"}],"wp:attachment":[{"href":"https:\/\/primariachitila.ro\/new\/wp-json\/wp\/v2\/media?parent=27152"}],"wp:term":[{"taxonomy":"category","embeddable":true,"href":"https:\/\/primariachitila.ro\/new\/wp-json\/wp\/v2\/categories?post=27152"},{"taxonomy":"post_tag","embeddable":true,"href":"https:\/\/primariachitila.ro\/new\/wp-json\/wp\/v2\/tags?post=27152"}],"curies":[{"name":"wp","href":"https:\/\/api.w.org\/{rel}","templated":true}]}}