{"id":27192,"date":"2022-03-01T11:45:24","date_gmt":"2022-03-01T11:45:24","guid":{"rendered":"https:\/\/primariachitila.ro\/new\/?p=27192"},"modified":"2025-11-13T13:37:11","modified_gmt":"2025-11-13T13:37:11","slug":"ucraina-impreuna-ajutam-mai-mult","status":"publish","type":"post","link":"https:\/\/primariachitila.ro\/new\/2022\/03\/01\/ucraina-impreuna-ajutam-mai-mult\/","title":{"rendered":"Ucraina \u2013 \u00cempreun\u0103 ajut\u0103m mai mult"},"content":{"rendered":"\n<p>Pentru asigurarea asisten\u021bei umanitare refugia\u021bilor din Ucraina, institu\u021biile guvernamentale \u00ee\u0219i coordoneaz\u0103 ac\u021biunile cu societatea civil\u0103 \u0219i organiza\u021biile na\u021bionale \u0219i interna\u021bionale.&nbsp;<\/p>\n\n\n\n<p>\u00cempreun\u0103 vor colabora pentru alocarea eficient\u0103 \u0219i rapid\u0103 a resurselor necesare donate sau aflate \u00een rezervele statului persoanelor cu statutul de refugiat\/str\u0103mutat pe teritoriul Rom\u00e2niei.<\/p>\n\n\n\n<p><strong>Persoanele fizice, juridice \u0219i organiza\u021biile care doresc s\u0103 sprijine aceast\u0103 ac\u021biune umanitar\u0103 pot completa chestionarul de<\/strong>&nbsp;<strong><a href=\"https:\/\/docs.google.com\/forms\/d\/e\/1FAIpQLSeyirIDJ2dD-SMm8wPLRxLTdagDQoCxVY-QBn1uE2t7GUZnjQ\/viewform\">aici.<\/a><\/strong><\/p>\n\n\n\n<p>Link:&nbsp;<a href=\"https:\/\/docs.google.com\/forms\/d\/e\/1FAIpQLSeyirIDJ2dD-SMm8wPLRxLTdagDQoCxVY-QBn1uE2t7GUZnjQ\/viewform\">https:\/\/docs.google.com\/forms\/d\/e\/1FAIpQLSeyirIDJ2dD-SMm8wPLRxLTdagDQoCxVY-QBn1uE2t7GUZnjQ\/viewform<\/a><\/p>\n\n\n\n<p>Mai multe informa\u021bii pe:&nbsp;<a href=\"https:\/\/www.gov.ro\/ro\/ucraina-impreuna-ajutam-mai-mult\">https:\/\/www.gov.ro\/ro\/ucraina-impreuna-ajutam-mai-mult<\/a><\/p>\n","protected":false},"excerpt":{"rendered":"<p>Pentru asigurarea asisten\u021bei umanitare refugia\u021bilor din Ucraina, institu\u021biile guvernamentale \u00ee\u0219i coordoneaz\u0103 ac\u021biunile cu societatea civil\u0103 \u0219i organiza\u021biile na\u021bionale \u0219i interna\u021bionale.&nbsp; \u00cempreun\u0103 vor colabora pentru alocarea eficient\u0103 \u0219i rapid\u0103 a resurselor necesare donate sau aflate \u00een rezervele statului persoanelor cu statutul de refugiat\/str\u0103mutat pe teritoriul Rom\u00e2niei. Persoanele fizice, juridice \u0219i organiza\u021biile care doresc s\u0103 sprijine aceast\u0103 [&hellip;]<\/p>\n","protected":false},"author":6,"featured_media":26774,"comment_status":"open","ping_status":"closed","sticky":false,"template":"","format":"standard","meta":{"footnotes":""},"categories":[130],"tags":[],"class_list":["post-27192","post","type-post","status-publish","format-standard","has-post-thumbnail","hentry","category-stiri"],"_links":{"self":[{"href":"https:\/\/primariachitila.ro\/new\/wp-json\/wp\/v2\/posts\/27192","targetHints":{"allow":["GET"]}}],"collection":[{"href":"https:\/\/primariachitila.ro\/new\/wp-json\/wp\/v2\/posts"}],"about":[{"href":"https:\/\/primariachitila.ro\/new\/wp-json\/wp\/v2\/types\/post"}],"author":[{"embeddable":true,"href":"https:\/\/primariachitila.ro\/new\/wp-json\/wp\/v2\/users\/6"}],"replies":[{"embeddable":true,"href":"https:\/\/primariachitila.ro\/new\/wp-json\/wp\/v2\/comments?post=27192"}],"version-history":[{"count":1,"href":"https:\/\/primariachitila.ro\/new\/wp-json\/wp\/v2\/posts\/27192\/revisions"}],"predecessor-version":[{"id":27193,"href":"https:\/\/primariachitila.ro\/new\/wp-json\/wp\/v2\/posts\/27192\/revisions\/27193"}],"wp:featuredmedia":[{"embeddable":true,"href":"https:\/\/primariachitila.ro\/new\/wp-json\/wp\/v2\/media\/26774"}],"wp:attachment":[{"href":"https:\/\/primariachitila.ro\/new\/wp-json\/wp\/v2\/media?parent=27192"}],"wp:term":[{"taxonomy":"category","embeddable":true,"href":"https:\/\/primariachitila.ro\/new\/wp-json\/wp\/v2\/categories?post=27192"},{"taxonomy":"post_tag","embeddable":true,"href":"https:\/\/primariachitila.ro\/new\/wp-json\/wp\/v2\/tags?post=27192"}],"curies":[{"name":"wp","href":"https:\/\/api.w.org\/{rel}","templated":true}]}}