{"id":27214,"date":"2021-12-13T11:49:06","date_gmt":"2021-12-13T11:49:06","guid":{"rendered":"https:\/\/primariachitila.ro\/new\/?p=27214"},"modified":"2025-11-13T13:13:50","modified_gmt":"2025-11-13T13:13:50","slug":"adopta-un-catel-46","status":"publish","type":"post","link":"https:\/\/primariachitila.ro\/new\/2021\/12\/13\/adopta-un-catel-46\/","title":{"rendered":"ADOPT\u0102 UN C\u0102\u021aEL!"},"content":{"rendered":"\n<h2 class=\"wp-block-heading\"><em><strong>Salvezi o via\u021b\u0103, adopt\u00e2nd un suflet!<\/strong><\/em><\/h2>\n\n\n\n<p><em><strong>C\u00e2\u0219tig\u0103 un prieten pe via\u021b\u0103!<\/strong><\/em><\/p>\n\n\n\n<p>C\u00e2ini captura\u021bi \u00een data de 09.12.2021<\/p>\n\n\n\n<p>Femel\u0103 4 ani , culoare ro\u0219u + alb, talie mijlocie , stare general &nbsp;moderat\u0103 &nbsp;, examen clinic s\u0103n\u0103tos;<\/p>\n\n\n\n<p>Mascul&nbsp;3 ani, culoare gri+ crem, talie mare, stare general\u0103 moderat\u0103, examen clinic s\u0103n\u0103tos;<\/p>\n\n\n\n<p>Mascul 5 ani, culoare ro\u0219u, talie mare, stare general\u0103 moderat\u0103 , examen clinic s\u0103n\u0103tos ;<\/p>\n\n\n\n<p>Mascul 4 ani, culoare maro+ ro\u0219cat, talie mijlocie, stare general\u0103 moderata, examen clinic s\u0103n\u0103tos;<\/p>\n\n\n\n<p>Mascul &nbsp;2 ani , culoare ro\u0219u, metis sharpei, talie mijlocie, stare general moderat\u0103, examen clinic s\u0103n\u0103tos;<\/p>\n\n\n\n<p>Mascul 4 ani, culoare ro\u0219u+alb, talie mijlocie, stare general moderat\u0103, examen clinic s\u0103n\u0103tos;<\/p>\n\n\n\n<p>Mascul 7 luni, culoare crem+alb, talie mijlocie, stare general moderat\u0103, examen clinic s\u0103n\u0103tos.<\/p>\n","protected":false},"excerpt":{"rendered":"<p>Salvezi o via\u021b\u0103, adopt\u00e2nd un suflet! C\u00e2\u0219tig\u0103 un prieten pe via\u021b\u0103! C\u00e2ini captura\u021bi \u00een data de 09.12.2021 Femel\u0103 4 ani , culoare ro\u0219u + alb, talie mijlocie , stare general &nbsp;moderat\u0103 &nbsp;, examen clinic s\u0103n\u0103tos; Mascul&nbsp;3 ani, culoare gri+ crem, talie mare, stare general\u0103 moderat\u0103, examen clinic s\u0103n\u0103tos; Mascul 5 ani, culoare ro\u0219u, talie mare, [&hellip;]<\/p>\n","protected":false},"author":6,"featured_media":26732,"comment_status":"open","ping_status":"closed","sticky":false,"template":"","format":"standard","meta":{"footnotes":""},"categories":[1],"tags":[],"class_list":["post-27214","post","type-post","status-publish","format-standard","has-post-thumbnail","hentry","category-uncategorized"],"_links":{"self":[{"href":"https:\/\/primariachitila.ro\/new\/wp-json\/wp\/v2\/posts\/27214","targetHints":{"allow":["GET"]}}],"collection":[{"href":"https:\/\/primariachitila.ro\/new\/wp-json\/wp\/v2\/posts"}],"about":[{"href":"https:\/\/primariachitila.ro\/new\/wp-json\/wp\/v2\/types\/post"}],"author":[{"embeddable":true,"href":"https:\/\/primariachitila.ro\/new\/wp-json\/wp\/v2\/users\/6"}],"replies":[{"embeddable":true,"href":"https:\/\/primariachitila.ro\/new\/wp-json\/wp\/v2\/comments?post=27214"}],"version-history":[{"count":1,"href":"https:\/\/primariachitila.ro\/new\/wp-json\/wp\/v2\/posts\/27214\/revisions"}],"predecessor-version":[{"id":27215,"href":"https:\/\/primariachitila.ro\/new\/wp-json\/wp\/v2\/posts\/27214\/revisions\/27215"}],"wp:featuredmedia":[{"embeddable":true,"href":"https:\/\/primariachitila.ro\/new\/wp-json\/wp\/v2\/media\/26732"}],"wp:attachment":[{"href":"https:\/\/primariachitila.ro\/new\/wp-json\/wp\/v2\/media?parent=27214"}],"wp:term":[{"taxonomy":"category","embeddable":true,"href":"https:\/\/primariachitila.ro\/new\/wp-json\/wp\/v2\/categories?post=27214"},{"taxonomy":"post_tag","embeddable":true,"href":"https:\/\/primariachitila.ro\/new\/wp-json\/wp\/v2\/tags?post=27214"}],"curies":[{"name":"wp","href":"https:\/\/api.w.org\/{rel}","templated":true}]}}