{"id":27218,"date":"2021-11-15T11:50:02","date_gmt":"2021-11-15T11:50:02","guid":{"rendered":"https:\/\/primariachitila.ro\/new\/?p=27218"},"modified":"2025-11-13T13:13:50","modified_gmt":"2025-11-13T13:13:50","slug":"adopta-un-catel-48","status":"publish","type":"post","link":"https:\/\/primariachitila.ro\/new\/2021\/11\/15\/adopta-un-catel-48\/","title":{"rendered":"ADOPT\u0102 UN C\u0102\u021aEL!"},"content":{"rendered":"\n<h2 class=\"wp-block-heading\"><em><strong>Salvezi o via\u021b\u0103, adopt\u00e2nd un suflet!<\/strong><\/em><\/h2>\n\n\n\n<p><em><strong>C\u00e2\u0219tig\u0103 un prieten pe via\u021b\u0103!<\/strong><\/em><\/p>\n\n\n\n<p>\u00cen ad\u0103postul din strada Morii, nr.9, Mogo\u0219oaia, Jude\u021bul Ilfov, au fost adu\u0219i ca\u021bei pe data de 10.08.2021 din Ora\u0219ul Chitila, pentru adop\u021bie sau revendicare, v\u0103 rug\u0103m s\u0103 v\u0103 adresa\u021bi Prim\u0103riei Ora\u0219ului Chitila la nr de telefon 021.436.37.09 departament Administrativ.<\/p>\n\n\n\n<p>C\u00e2ini captura\u021bi \u00een data de 11.11.2021<\/p>\n\n\n\n<p>Mascul 5 ani , culoare ro\u0219u, talie mijlocie , stare general proast\u0103 , examen clinic s\u0103n\u0103tos;<\/p>\n\n\n\n<p>Mascul&nbsp;7 ani, culoare ro\u0219u + maro, stare general\u0103 moderat\u0103, examen clinic sanatos;<\/p>\n\n\n\n<p>Femel\u0103 5 ani, culoare gri+crem, stare general\u0103 moderata , examen clinic s\u0103n\u0103tos ;<\/p>\n\n\n\n<p>Femel\u0103 4 ani, culoare negru +ar\u0103miu, talie mijlocie, stare general\u0103 moderata, examen clinic s\u0103n\u0103tos;<\/p>\n\n\n\n<p>Femel\u0103 &nbsp;2 ani, culoare negru+ar\u0103miu, &nbsp;Rottweiler, talie mare, stare general bun\u0103, examen clinic s\u0103n\u0103tos;<\/p>\n\n\n\n<p>Mascul 13 ani, culoare gri+crem, talie mare,stare bun\u0103, examen clinic s\u0103n\u0103tos.<\/p>\n\n\n\n<h3 class=\"wp-block-heading\">Men\u021biune<\/h3>\n\n\n\n<p>Femela Rottweiler a fost revendicat\u0103 de st\u0103p\u00e2n;<\/p>\n\n\n\n<p>Masculul de 13 ani a fost revendicat.<\/p>\n","protected":false},"excerpt":{"rendered":"<p>Salvezi o via\u021b\u0103, adopt\u00e2nd un suflet! C\u00e2\u0219tig\u0103 un prieten pe via\u021b\u0103! \u00cen ad\u0103postul din strada Morii, nr.9, Mogo\u0219oaia, Jude\u021bul Ilfov, au fost adu\u0219i ca\u021bei pe data de 10.08.2021 din Ora\u0219ul Chitila, pentru adop\u021bie sau revendicare, v\u0103 rug\u0103m s\u0103 v\u0103 adresa\u021bi Prim\u0103riei Ora\u0219ului Chitila la nr de telefon 021.436.37.09 departament Administrativ. C\u00e2ini captura\u021bi \u00een data de [&hellip;]<\/p>\n","protected":false},"author":6,"featured_media":26732,"comment_status":"open","ping_status":"closed","sticky":false,"template":"","format":"standard","meta":{"footnotes":""},"categories":[1],"tags":[],"class_list":["post-27218","post","type-post","status-publish","format-standard","has-post-thumbnail","hentry","category-uncategorized"],"_links":{"self":[{"href":"https:\/\/primariachitila.ro\/new\/wp-json\/wp\/v2\/posts\/27218","targetHints":{"allow":["GET"]}}],"collection":[{"href":"https:\/\/primariachitila.ro\/new\/wp-json\/wp\/v2\/posts"}],"about":[{"href":"https:\/\/primariachitila.ro\/new\/wp-json\/wp\/v2\/types\/post"}],"author":[{"embeddable":true,"href":"https:\/\/primariachitila.ro\/new\/wp-json\/wp\/v2\/users\/6"}],"replies":[{"embeddable":true,"href":"https:\/\/primariachitila.ro\/new\/wp-json\/wp\/v2\/comments?post=27218"}],"version-history":[{"count":1,"href":"https:\/\/primariachitila.ro\/new\/wp-json\/wp\/v2\/posts\/27218\/revisions"}],"predecessor-version":[{"id":27219,"href":"https:\/\/primariachitila.ro\/new\/wp-json\/wp\/v2\/posts\/27218\/revisions\/27219"}],"wp:featuredmedia":[{"embeddable":true,"href":"https:\/\/primariachitila.ro\/new\/wp-json\/wp\/v2\/media\/26732"}],"wp:attachment":[{"href":"https:\/\/primariachitila.ro\/new\/wp-json\/wp\/v2\/media?parent=27218"}],"wp:term":[{"taxonomy":"category","embeddable":true,"href":"https:\/\/primariachitila.ro\/new\/wp-json\/wp\/v2\/categories?post=27218"},{"taxonomy":"post_tag","embeddable":true,"href":"https:\/\/primariachitila.ro\/new\/wp-json\/wp\/v2\/tags?post=27218"}],"curies":[{"name":"wp","href":"https:\/\/api.w.org\/{rel}","templated":true}]}}